{"id":2783,"date":"2025-07-24T13:51:20","date_gmt":"2025-07-24T11:51:20","guid":{"rendered":"https:\/\/www.terresduson.com\/live\/?p=2783"},"modified":"2025-07-24T13:51:21","modified_gmt":"2025-07-24T11:51:21","slug":"clara-luciani-en-images","status":"publish","type":"post","link":"https:\/\/www.terresduson.com\/live\/clara-luciani-en-images\/","title":{"rendered":"Clara Luciani en images"},"content":{"rendered":"\n<p>[\u2b50\ufe0f CLARA LUCIANI \u2013 TERRES DU SON 2025 \u2b50\ufe0f]<\/p>\n\n\n\n<p>Charisme, \u00e9l\u00e9gance, puissance\u2026 Clara Luciani a illumin\u00e9 la sc\u00e8ne Ginkgo-Biloba avec un live intense et plein de gr\u00e2ce \u2728<\/p>\n\n\n\n<p>Entre hymnes pop et moments suspendus, elle a fait chanter la Prairie \u00e0 l\u2019unisson \ud83d\udcab<\/p>\n\n\n\n<p>Retour en images sur un concert inoubliable !<\/p>\n\n\n\n<p>\ud83d\udcf8 Antoine Lavergne \/ Co.Photographi \/ Fabien Garou<\/p>\n","protected":false},"excerpt":{"rendered":"<p>[\u2b50\ufe0f CLARA LUCIANI \u2013 TERRES DU SON 2025 \u2b50\ufe0f] Charisme, \u00e9l\u00e9gance, puissance\u2026 Clara Luciani a illumin\u00e9 la sc\u00e8ne Ginkgo-Biloba avec un live intense et plein de gr\u00e2ce \u2728 Entre hymnes pop et moments suspendus, elle a fait chanter la Prairie \u00e0 l\u2019unisson \ud83d\udcab Retour en images sur un concert inoubliable ! \ud83d\udcf8 Antoine Lavergne \/ [&hellip;]<\/p>\n","protected":false},"author":1,"featured_media":2784,"comment_status":"closed","ping_status":"closed","sticky":false,"template":"","format":"gallery","meta":{"_acf_changed":false,"footnotes":""},"categories":[95,103,23,25],"tags":[],"class_list":["post-2783","post","type-post","status-publish","format-gallery","has-post-thumbnail","hentry","category-cat","category-galerie-photos","category-jour","category-samedi","post_format-post-format-gallery"],"acf":[],"yoast_head":"<!-- This site is optimized with the Yoast SEO plugin v25.5 - https:\/\/yoast.com\/wordpress\/plugins\/seo\/ -->\n<title>Clara Luciani en images - Gazette live - Festival Terres du son<\/title>\n<meta name=\"robots\" content=\"index, follow, max-snippet:-1, max-image-preview:large, max-video-preview:-1\" \/>\n<link rel=\"canonical\" href=\"https:\/\/www.terresduson.com\/live\/clara-luciani-en-images\/\" \/>\n<meta property=\"og:locale\" content=\"fr_FR\" \/>\n<meta property=\"og:type\" content=\"article\" \/>\n<meta property=\"og:title\" content=\"Clara Luciani en images - Gazette live - Festival Terres du son\" \/>\n<meta property=\"og:description\" content=\"[\u2b50\ufe0f CLARA LUCIANI \u2013 TERRES DU SON 2025 \u2b50\ufe0f] Charisme, \u00e9l\u00e9gance, puissance\u2026 Clara Luciani a illumin\u00e9 la sc\u00e8ne Ginkgo-Biloba avec un live intense et plein de gr\u00e2ce \u2728 Entre hymnes pop et moments suspendus, elle a fait chanter la Prairie \u00e0 l\u2019unisson \ud83d\udcab Retour en images sur un concert inoubliable ! \ud83d\udcf8 Antoine Lavergne \/ [&hellip;]\" \/>\n<meta property=\"og:url\" content=\"https:\/\/www.terresduson.com\/live\/clara-luciani-en-images\/\" \/>\n<meta property=\"og:site_name\" content=\"Gazette live - Festival Terres du son\" \/>\n<meta property=\"article:publisher\" content=\"https:\/\/www.facebook.com\/festivalterresduson\/\" \/>\n<meta property=\"article:published_time\" content=\"2025-07-24T11:51:20+00:00\" \/>\n<meta property=\"article:modified_time\" content=\"2025-07-24T11:51:21+00:00\" \/>\n<meta property=\"og:image\" content=\"https:\/\/www.terresduson.com\/live\/wp-content\/uploads\/2019\/07\/fb_tds2019w.jpg\" \/>\n\t<meta property=\"og:image:width\" content=\"1024\" \/>\n\t<meta property=\"og:image:height\" content=\"521\" \/>\n\t<meta property=\"og:image:type\" content=\"image\/jpeg\" \/>\n<meta name=\"author\" content=\"Ludovic Evelin\" \/>\n<meta name=\"twitter:card\" content=\"summary_large_image\" \/>\n<meta name=\"twitter:creator\" content=\"@Terres_du_Son\" \/>\n<meta name=\"twitter:site\" content=\"@Terres_du_Son\" \/>\n<meta name=\"twitter:label1\" content=\"\u00c9crit par\" \/>\n\t<meta name=\"twitter:data1\" content=\"Ludovic Evelin\" \/>\n\t<meta name=\"twitter:label2\" content=\"Dur\u00e9e de lecture estim\u00e9e\" \/>\n\t<meta name=\"twitter:data2\" content=\"1 minute\" \/>\n<script type=\"application\/ld+json\" class=\"yoast-schema-graph\">{\"@context\":\"https:\/\/schema.org\",\"@graph\":[{\"@type\":\"Article\",\"@id\":\"https:\/\/www.terresduson.com\/live\/clara-luciani-en-images\/#article\",\"isPartOf\":{\"@id\":\"https:\/\/www.terresduson.com\/live\/clara-luciani-en-images\/\"},\"author\":{\"name\":\"Ludovic Evelin\",\"@id\":\"https:\/\/www.terresduson.com\/live\/#\/schema\/person\/d3e072cb1a1cc4d7ecf46056412e0e94\"},\"headline\":\"Clara Luciani en images\",\"datePublished\":\"2025-07-24T11:51:20+00:00\",\"dateModified\":\"2025-07-24T11:51:21+00:00\",\"mainEntityOfPage\":{\"@id\":\"https:\/\/www.terresduson.com\/live\/clara-luciani-en-images\/\"},\"wordCount\":57,\"publisher\":{\"@id\":\"https:\/\/www.terresduson.com\/live\/#organization\"},\"image\":{\"@id\":\"https:\/\/www.terresduson.com\/live\/clara-luciani-en-images\/#primaryimage\"},\"thumbnailUrl\":\"https:\/\/www.terresduson.com\/live\/wp-content\/uploads\/2025\/07\/clara-une.avif\",\"articleSection\":[\"Cat\",\"Galerie photos\",\"Jour\",\"Samedi\"],\"inLanguage\":\"fr-FR\"},{\"@type\":\"WebPage\",\"@id\":\"https:\/\/www.terresduson.com\/live\/clara-luciani-en-images\/\",\"url\":\"https:\/\/www.terresduson.com\/live\/clara-luciani-en-images\/\",\"name\":\"Clara Luciani en images - Gazette live - Festival Terres du son\",\"isPartOf\":{\"@id\":\"https:\/\/www.terresduson.com\/live\/#website\"},\"primaryImageOfPage\":{\"@id\":\"https:\/\/www.terresduson.com\/live\/clara-luciani-en-images\/#primaryimage\"},\"image\":{\"@id\":\"https:\/\/www.terresduson.com\/live\/clara-luciani-en-images\/#primaryimage\"},\"thumbnailUrl\":\"https:\/\/www.terresduson.com\/live\/wp-content\/uploads\/2025\/07\/clara-une.avif\",\"datePublished\":\"2025-07-24T11:51:20+00:00\",\"dateModified\":\"2025-07-24T11:51:21+00:00\",\"breadcrumb\":{\"@id\":\"https:\/\/www.terresduson.com\/live\/clara-luciani-en-images\/#breadcrumb\"},\"inLanguage\":\"fr-FR\",\"potentialAction\":[{\"@type\":\"ReadAction\",\"target\":[\"https:\/\/www.terresduson.com\/live\/clara-luciani-en-images\/\"]}]},{\"@type\":\"ImageObject\",\"inLanguage\":\"fr-FR\",\"@id\":\"https:\/\/www.terresduson.com\/live\/clara-luciani-en-images\/#primaryimage\",\"url\":\"https:\/\/www.terresduson.com\/live\/wp-content\/uploads\/2025\/07\/clara-une.avif\",\"contentUrl\":\"https:\/\/www.terresduson.com\/live\/wp-content\/uploads\/2025\/07\/clara-une.avif\",\"width\":800,\"height\":600},{\"@type\":\"BreadcrumbList\",\"@id\":\"https:\/\/www.terresduson.com\/live\/clara-luciani-en-images\/#breadcrumb\",\"itemListElement\":[{\"@type\":\"ListItem\",\"position\":1,\"name\":\"Accueil\",\"item\":\"https:\/\/www.terresduson.com\/live\/\"},{\"@type\":\"ListItem\",\"position\":2,\"name\":\"Clara Luciani en images\"}]},{\"@type\":\"WebSite\",\"@id\":\"https:\/\/www.terresduson.com\/live\/#website\",\"url\":\"https:\/\/www.terresduson.com\/live\/\",\"name\":\"Gazette live - Festival Terres du son\",\"description\":\"11, 12, 13 juillet 2025\",\"publisher\":{\"@id\":\"https:\/\/www.terresduson.com\/live\/#organization\"},\"potentialAction\":[{\"@type\":\"SearchAction\",\"target\":{\"@type\":\"EntryPoint\",\"urlTemplate\":\"https:\/\/www.terresduson.com\/live\/?s={search_term_string}\"},\"query-input\":{\"@type\":\"PropertyValueSpecification\",\"valueRequired\":true,\"valueName\":\"search_term_string\"}}],\"inLanguage\":\"fr-FR\"},{\"@type\":\"Organization\",\"@id\":\"https:\/\/www.terresduson.com\/live\/#organization\",\"name\":\"Terres du son\",\"url\":\"https:\/\/www.terresduson.com\/live\/\",\"logo\":{\"@type\":\"ImageObject\",\"inLanguage\":\"fr-FR\",\"@id\":\"https:\/\/www.terresduson.com\/live\/#\/schema\/logo\/image\/\",\"url\":\"https:\/\/www.terresduson.com\/live\/wp-content\/uploads\/2018\/07\/bandeau_tds_live.png\",\"contentUrl\":\"https:\/\/www.terresduson.com\/live\/wp-content\/uploads\/2018\/07\/bandeau_tds_live.png\",\"width\":1024,\"height\":500,\"caption\":\"Terres du son\"},\"image\":{\"@id\":\"https:\/\/www.terresduson.com\/live\/#\/schema\/logo\/image\/\"},\"sameAs\":[\"https:\/\/www.facebook.com\/festivalterresduson\/\",\"https:\/\/x.com\/Terres_du_Son\",\"https:\/\/www.instagram.com\/terresduson\/\",\"https:\/\/www.youtube.com\/channel\/UCugRO-2-oo70oC9mf2iHWMA\"]},{\"@type\":\"Person\",\"@id\":\"https:\/\/www.terresduson.com\/live\/#\/schema\/person\/d3e072cb1a1cc4d7ecf46056412e0e94\",\"name\":\"Ludovic Evelin\",\"image\":{\"@type\":\"ImageObject\",\"inLanguage\":\"fr-FR\",\"@id\":\"https:\/\/www.terresduson.com\/live\/#\/schema\/person\/image\/\",\"url\":\"https:\/\/secure.gravatar.com\/avatar\/84f754c34def02a65d67b21b964ec99e47424cef21eb7a1dc47023fab4424834?s=96&d=mm&r=g\",\"contentUrl\":\"https:\/\/secure.gravatar.com\/avatar\/84f754c34def02a65d67b21b964ec99e47424cef21eb7a1dc47023fab4424834?s=96&d=mm&r=g\",\"caption\":\"Ludovic Evelin\"},\"url\":\"https:\/\/www.terresduson.com\/live\/author\/ludo\/\"}]}<\/script>\n<!-- \/ Yoast SEO plugin. -->","yoast_head_json":{"title":"Clara Luciani en images - Gazette live - Festival Terres du son","robots":{"index":"index","follow":"follow","max-snippet":"max-snippet:-1","max-image-preview":"max-image-preview:large","max-video-preview":"max-video-preview:-1"},"canonical":"https:\/\/www.terresduson.com\/live\/clara-luciani-en-images\/","og_locale":"fr_FR","og_type":"article","og_title":"Clara Luciani en images - Gazette live - Festival Terres du son","og_description":"[\u2b50\ufe0f CLARA LUCIANI \u2013 TERRES DU SON 2025 \u2b50\ufe0f] Charisme, \u00e9l\u00e9gance, puissance\u2026 Clara Luciani a illumin\u00e9 la sc\u00e8ne Ginkgo-Biloba avec un live intense et plein de gr\u00e2ce \u2728 Entre hymnes pop et moments suspendus, elle a fait chanter la Prairie \u00e0 l\u2019unisson \ud83d\udcab Retour en images sur un concert inoubliable ! \ud83d\udcf8 Antoine Lavergne \/ [&hellip;]","og_url":"https:\/\/www.terresduson.com\/live\/clara-luciani-en-images\/","og_site_name":"Gazette live - Festival Terres du son","article_publisher":"https:\/\/www.facebook.com\/festivalterresduson\/","article_published_time":"2025-07-24T11:51:20+00:00","article_modified_time":"2025-07-24T11:51:21+00:00","og_image":[{"width":1024,"height":521,"url":"https:\/\/www.terresduson.com\/live\/wp-content\/uploads\/2019\/07\/fb_tds2019w.jpg","type":"image\/jpeg"}],"author":"Ludovic Evelin","twitter_card":"summary_large_image","twitter_creator":"@Terres_du_Son","twitter_site":"@Terres_du_Son","twitter_misc":{"\u00c9crit par":"Ludovic Evelin","Dur\u00e9e de lecture estim\u00e9e":"1 minute"},"schema":{"@context":"https:\/\/schema.org","@graph":[{"@type":"Article","@id":"https:\/\/www.terresduson.com\/live\/clara-luciani-en-images\/#article","isPartOf":{"@id":"https:\/\/www.terresduson.com\/live\/clara-luciani-en-images\/"},"author":{"name":"Ludovic Evelin","@id":"https:\/\/www.terresduson.com\/live\/#\/schema\/person\/d3e072cb1a1cc4d7ecf46056412e0e94"},"headline":"Clara Luciani en images","datePublished":"2025-07-24T11:51:20+00:00","dateModified":"2025-07-24T11:51:21+00:00","mainEntityOfPage":{"@id":"https:\/\/www.terresduson.com\/live\/clara-luciani-en-images\/"},"wordCount":57,"publisher":{"@id":"https:\/\/www.terresduson.com\/live\/#organization"},"image":{"@id":"https:\/\/www.terresduson.com\/live\/clara-luciani-en-images\/#primaryimage"},"thumbnailUrl":"https:\/\/www.terresduson.com\/live\/wp-content\/uploads\/2025\/07\/clara-une.avif","articleSection":["Cat","Galerie photos","Jour","Samedi"],"inLanguage":"fr-FR"},{"@type":"WebPage","@id":"https:\/\/www.terresduson.com\/live\/clara-luciani-en-images\/","url":"https:\/\/www.terresduson.com\/live\/clara-luciani-en-images\/","name":"Clara Luciani en images - Gazette live - Festival Terres du son","isPartOf":{"@id":"https:\/\/www.terresduson.com\/live\/#website"},"primaryImageOfPage":{"@id":"https:\/\/www.terresduson.com\/live\/clara-luciani-en-images\/#primaryimage"},"image":{"@id":"https:\/\/www.terresduson.com\/live\/clara-luciani-en-images\/#primaryimage"},"thumbnailUrl":"https:\/\/www.terresduson.com\/live\/wp-content\/uploads\/2025\/07\/clara-une.avif","datePublished":"2025-07-24T11:51:20+00:00","dateModified":"2025-07-24T11:51:21+00:00","breadcrumb":{"@id":"https:\/\/www.terresduson.com\/live\/clara-luciani-en-images\/#breadcrumb"},"inLanguage":"fr-FR","potentialAction":[{"@type":"ReadAction","target":["https:\/\/www.terresduson.com\/live\/clara-luciani-en-images\/"]}]},{"@type":"ImageObject","inLanguage":"fr-FR","@id":"https:\/\/www.terresduson.com\/live\/clara-luciani-en-images\/#primaryimage","url":"https:\/\/www.terresduson.com\/live\/wp-content\/uploads\/2025\/07\/clara-une.avif","contentUrl":"https:\/\/www.terresduson.com\/live\/wp-content\/uploads\/2025\/07\/clara-une.avif","width":800,"height":600},{"@type":"BreadcrumbList","@id":"https:\/\/www.terresduson.com\/live\/clara-luciani-en-images\/#breadcrumb","itemListElement":[{"@type":"ListItem","position":1,"name":"Accueil","item":"https:\/\/www.terresduson.com\/live\/"},{"@type":"ListItem","position":2,"name":"Clara Luciani en images"}]},{"@type":"WebSite","@id":"https:\/\/www.terresduson.com\/live\/#website","url":"https:\/\/www.terresduson.com\/live\/","name":"Gazette live - Festival Terres du son","description":"11, 12, 13 juillet 2025","publisher":{"@id":"https:\/\/www.terresduson.com\/live\/#organization"},"potentialAction":[{"@type":"SearchAction","target":{"@type":"EntryPoint","urlTemplate":"https:\/\/www.terresduson.com\/live\/?s={search_term_string}"},"query-input":{"@type":"PropertyValueSpecification","valueRequired":true,"valueName":"search_term_string"}}],"inLanguage":"fr-FR"},{"@type":"Organization","@id":"https:\/\/www.terresduson.com\/live\/#organization","name":"Terres du son","url":"https:\/\/www.terresduson.com\/live\/","logo":{"@type":"ImageObject","inLanguage":"fr-FR","@id":"https:\/\/www.terresduson.com\/live\/#\/schema\/logo\/image\/","url":"https:\/\/www.terresduson.com\/live\/wp-content\/uploads\/2018\/07\/bandeau_tds_live.png","contentUrl":"https:\/\/www.terresduson.com\/live\/wp-content\/uploads\/2018\/07\/bandeau_tds_live.png","width":1024,"height":500,"caption":"Terres du son"},"image":{"@id":"https:\/\/www.terresduson.com\/live\/#\/schema\/logo\/image\/"},"sameAs":["https:\/\/www.facebook.com\/festivalterresduson\/","https:\/\/x.com\/Terres_du_Son","https:\/\/www.instagram.com\/terresduson\/","https:\/\/www.youtube.com\/channel\/UCugRO-2-oo70oC9mf2iHWMA"]},{"@type":"Person","@id":"https:\/\/www.terresduson.com\/live\/#\/schema\/person\/d3e072cb1a1cc4d7ecf46056412e0e94","name":"Ludovic Evelin","image":{"@type":"ImageObject","inLanguage":"fr-FR","@id":"https:\/\/www.terresduson.com\/live\/#\/schema\/person\/image\/","url":"https:\/\/secure.gravatar.com\/avatar\/84f754c34def02a65d67b21b964ec99e47424cef21eb7a1dc47023fab4424834?s=96&d=mm&r=g","contentUrl":"https:\/\/secure.gravatar.com\/avatar\/84f754c34def02a65d67b21b964ec99e47424cef21eb7a1dc47023fab4424834?s=96&d=mm&r=g","caption":"Ludovic Evelin"},"url":"https:\/\/www.terresduson.com\/live\/author\/ludo\/"}]}},"_links":{"self":[{"href":"https:\/\/www.terresduson.com\/live\/wp-json\/wp\/v2\/posts\/2783","targetHints":{"allow":["GET"]}}],"collection":[{"href":"https:\/\/www.terresduson.com\/live\/wp-json\/wp\/v2\/posts"}],"about":[{"href":"https:\/\/www.terresduson.com\/live\/wp-json\/wp\/v2\/types\/post"}],"author":[{"embeddable":true,"href":"https:\/\/www.terresduson.com\/live\/wp-json\/wp\/v2\/users\/1"}],"replies":[{"embeddable":true,"href":"https:\/\/www.terresduson.com\/live\/wp-json\/wp\/v2\/comments?post=2783"}],"version-history":[{"count":1,"href":"https:\/\/www.terresduson.com\/live\/wp-json\/wp\/v2\/posts\/2783\/revisions"}],"predecessor-version":[{"id":2789,"href":"https:\/\/www.terresduson.com\/live\/wp-json\/wp\/v2\/posts\/2783\/revisions\/2789"}],"wp:featuredmedia":[{"embeddable":true,"href":"https:\/\/www.terresduson.com\/live\/wp-json\/wp\/v2\/media\/2784"}],"wp:attachment":[{"href":"https:\/\/www.terresduson.com\/live\/wp-json\/wp\/v2\/media?parent=2783"}],"wp:term":[{"taxonomy":"category","embeddable":true,"href":"https:\/\/www.terresduson.com\/live\/wp-json\/wp\/v2\/categories?post=2783"},{"taxonomy":"post_tag","embeddable":true,"href":"https:\/\/www.terresduson.com\/live\/wp-json\/wp\/v2\/tags?post=2783"}],"curies":[{"name":"wp","href":"https:\/\/api.w.org\/{rel}","templated":true}]}}