{"id":2714,"date":"2025-07-14T17:34:04","date_gmt":"2025-07-14T15:34:04","guid":{"rendered":"https:\/\/www.terresduson.com\/live\/?p=2714"},"modified":"2025-07-14T17:34:04","modified_gmt":"2025-07-14T15:34:04","slug":"mickael-marteau-charge-de-prog","status":"publish","type":"post","link":"https:\/\/www.terresduson.com\/live\/mickael-marteau-charge-de-prog\/","title":{"rendered":"Micka\u00ebl Marteau charg\u00e9 de prog !"},"content":{"rendered":"\n<p>Autrice : Aude O | Cr\u00e9dits photo : Co. photographi &#8211; Antoine Lavergne<\/p>\n\n\n\n<p>\u00c0 l\u2019occasion des 20 ans de Terres du Son, nous avons rencontr\u00e9 Micka\u00ebl Marteau, charg\u00e9 de la programmation et de la production. Il revient avec nous sur son parcours, les coulisses du festival et la philosophie derri\u00e8re la programmation.<\/p>\n\n\n\n<figure class=\"wp-block-image size-large\"><img loading=\"lazy\" decoding=\"async\" width=\"1024\" height=\"681\" src=\"https:\/\/www.terresduson.com\/live\/wp-content\/uploads\/2025\/07\/micka-1-1024x681.jpg\" alt=\"\" class=\"wp-image-2715\" srcset=\"https:\/\/www.terresduson.com\/live\/wp-content\/uploads\/2025\/07\/micka-1-1024x681.jpg 1024w, https:\/\/www.terresduson.com\/live\/wp-content\/uploads\/2025\/07\/micka-1-300x199.jpg 300w, https:\/\/www.terresduson.com\/live\/wp-content\/uploads\/2025\/07\/micka-1-768x511.jpg 768w, https:\/\/www.terresduson.com\/live\/wp-content\/uploads\/2025\/07\/micka-1.avif 1280w\" sizes=\"auto, (max-width: 1024px) 100vw, 1024px\" \/><\/figure>\n\n\n\n<div style=\"height:32px\" aria-hidden=\"true\" class=\"wp-block-spacer\"><\/div>\n\n\n\n<h3 class=\"wp-block-heading\">Peux-tu te pr\u00e9senter et expliquer ton r\u00f4le au sein du festival ?<\/h3>\n\n\n\n<p>Je m\u2019appelle Micka\u00ebl Marteau. J\u2019ai d\u2019abord commenc\u00e9 en programmant le village et la sc\u00e8ne du chapiteau. \u00c0 l\u2019\u00e9poque, je faisais aussi partie de la commission de programmation des grandes sc\u00e8nes, mais je n\u2019\u00e9tais pas en lien direct avec les agences de production. Depuis l\u2019\u00e9dition 2024, je g\u00e8re d\u00e9sormais l\u2019ensemble de la programmation artistique du festival.<\/p>\n\n\n\n<h3 class=\"wp-block-heading\">Comment jongles-tu entre les t\u00eates d\u2019affiche, les d\u00e9couvertes, la sc\u00e8ne locale et la diversit\u00e9 musicale ?<\/h3>\n\n\n\n<p>C\u2019est un vrai jeu d\u2019\u00e9quilibriste, qui se construit sur plusieurs temporalit\u00e9s. On commence toujours par travailler les t\u00eates d\u2019affiche \u2014 d\u2019ailleurs, je suis d\u00e9j\u00e0 en train de bosser sur celles de l\u2019\u00e9dition 2026.<\/p>\n\n\n\n<p>Une fois que la t\u00eate d\u2019affiche donne la tonalit\u00e9 musicale d\u2019une journ\u00e9e, on essaye de conforter cette ambiance, tout en y ajoutant des touches qui pr\u00e9servent l\u2019identit\u00e9 du festival. Une identit\u00e9 qu\u2019on fa\u00e7onne depuis maintenant 20 ans.<\/p>\n\n\n\n<h3 class=\"wp-block-heading\">Quelle place accordes-tu \u00e0 la sc\u00e8ne \u00e9mergente et locale ?<\/h3>\n\n\n\n<p>C\u2019est tr\u00e8s important pour nous. Entre 30 et 40 % de la programmation vient de la r\u00e9gion Centre, que ce soit sur la Prairie ou au Village. C\u2019est une vraie volont\u00e9 de soutenir les artistes locaux.<\/p>\n\n\n\n<h3 class=\"wp-block-heading\">L\u2019engagement \u00e9coresponsable du festival influence-t-il tes choix artistiques ?<\/h3>\n\n\n\n<p>Pas directement. Ce n\u2019est pas un crit\u00e8re artistique en soi, mais les valeurs de l\u2019association, elles, nous guident beaucoup.<\/p>\n\n\n\n<p>Par exemple, sur les questions de VHSS (violences, harc\u00e8lement sexiste et sexuel), on est tr\u00e8s vigilant. Certains artistes peuvent \u00eatre \u00e9cart\u00e9s si leurs paroles ou comportements ne sont pas en accord avec nos valeurs.<\/p>\n\n\n\n<h3 class=\"wp-block-heading\">Cherches-tu \u00e0 programmer des artistes engag\u00e9s ou partageant les valeurs \u00e9coresponsables du festival ?<\/h3>\n\n\n\n<p>Ce n\u2019est pas une obligation, mais c\u2019est toujours un plus quand \u00e7a se pr\u00e9sente naturellement. Cela dit, il y a une vraie tension entre l\u2019\u00e9coresponsabilit\u00e9 et la r\u00e9alit\u00e9 des tourn\u00e9es d\u2019artistes, notamment internationaux.<\/p>\n\n\n\n<p>Par exemple, on a d\u00e9cid\u00e9 de proscrire les trajets en avion pour les artistes que l\u2019on programme. C\u2019est un premier pas. La majorit\u00e9 de nos artistes viennent en tourbus, ce qui permet de rationaliser les d\u00e9placements. Mais on reste tributaires de leurs tourn\u00e9es, de leurs \u201croutings\u201d. Ce sont des contraintes sur lesquelles on n\u2019a pas encore beaucoup d\u2019impact, m\u00eame si on y travaille, notamment en lien avec d\u2019autres festivals.<\/p>\n\n\n\n<h3 class=\"wp-block-heading\">Tu travailles d\u00e9j\u00e0 sur l\u2019\u00e9dition 2026. Mais pour cette \u00e9dition sp\u00e9ciale des 20 ans, qu\u2019as-tu voulu raconter dans la programmation ?<\/h3>\n\n\n\n<p>On y r\u00e9fl\u00e9chissait depuis un moment. On voulait une programmation sp\u00e9ciale, qui rende hommage aux 20 derni\u00e8res ann\u00e9es.<\/p>\n\n\n\n<p>Le premier artiste annonc\u00e9, c\u2019\u00e9tait Tiken Jah Fakoly, parce qu\u2019il \u00e9tait l\u00e0 d\u00e8s la premi\u00e8re \u00e9dition. C\u2019\u00e9tait symboliquement tr\u00e8s fort. Le deuxi\u00e8me, c\u2019\u00e9tait -M- (Matthieu Chedid), qu\u2019on voulait depuis longtemps. Il \u00e9tait l\u00e0 pour les 10 ans, et pour moi, c\u2019est un des concerts les plus fid\u00e8les aux valeurs du festival.<\/p>\n\n\n\n<p>Ensuite, on a gliss\u00e9 des clins d\u2019\u0153il \u00e0 d\u2019anciennes \u00e9ditions, en diversifiant les styles pour refl\u00e9ter l\u2019histoire musicale du festival. Pour 2026, j\u2019aurai plus de libert\u00e9. Ce sera un peu une page blanche \u00e0 r\u00e9\u00e9crire.<\/p>\n\n\n\n<div style=\"height:32px\" aria-hidden=\"true\" class=\"wp-block-spacer\"><\/div>\n\n\n\n<figure class=\"wp-block-image size-large\"><img loading=\"lazy\" decoding=\"async\" width=\"1024\" height=\"678\" src=\"https:\/\/www.terresduson.com\/live\/wp-content\/uploads\/2025\/07\/micka-2-1024x678.jpg\" alt=\"\" class=\"wp-image-2716\" srcset=\"https:\/\/www.terresduson.com\/live\/wp-content\/uploads\/2025\/07\/micka-2-1024x678.jpg 1024w, https:\/\/www.terresduson.com\/live\/wp-content\/uploads\/2025\/07\/micka-2-300x199.jpg 300w, https:\/\/www.terresduson.com\/live\/wp-content\/uploads\/2025\/07\/micka-2-768x508.jpg 768w, https:\/\/www.terresduson.com\/live\/wp-content\/uploads\/2025\/07\/micka-2.avif 1280w\" sizes=\"auto, (max-width: 1024px) 100vw, 1024px\" \/><\/figure>\n\n\n\n<div style=\"height:32px\" aria-hidden=\"true\" class=\"wp-block-spacer\"><\/div>\n\n\n\n<h3 class=\"wp-block-heading\">Y a-t-il des artistes que tu r\u00eavais de faire venir depuis longtemps et qui sont enfin l\u00e0 cette ann\u00e9e ?<\/h3>\n\n\n\n<p>Oui, Lamomali. \u00c7a faisait deux ans qu\u2019on essayait. \u00c7a n\u2019avait pas pu se faire l\u2019ann\u00e9e derni\u00e8re, mais on est tr\u00e8s heureux que \u00e7a tombe pile pour les 20 ans.<\/p>\n\n\n\n<h3 class=\"wp-block-heading\">As-tu gliss\u00e9 d\u2019autres clins d\u2019\u0153il aux premi\u00e8res \u00e9ditions ?<\/h3>\n\n\n\n<p>Oui ! Par exemple, au Village, on a laiss\u00e9 une carte blanche au Nasrock Circus. C\u2019est une compagnie de cirque qui a marqu\u00e9 pr\u00e8s de 10 \u00e9ditions dans les premi\u00e8res ann\u00e9es du festival. Tout le monde n\u2019a pas forc\u00e9ment per\u00e7u la r\u00e9f\u00e9rence, mais pour nous, c\u2019\u00e9tait un hommage fort de leur laisser carte blanche avec plusieurs spectacles par jour.<\/p>\n\n\n\n<h3 class=\"wp-block-heading\">Quel est le moment sc\u00e9nique que tu n\u2019oublieras jamais \u00e0 Terres du Son ?<\/h3>\n\n\n\n<p>Je suis souvent un peu \u00e0 fleur de peau pendant le festival, alors il y a pas mal de moments forts\u2026 Mais je crois que celui qui m\u2019a le plus marqu\u00e9, c\u2019est quand Vianney a fait monter sur sc\u00e8ne le groupe Star Feminine Band, qu\u2019il avait rencontr\u00e9 en coulisses. C\u2019\u00e9tait simple, sinc\u00e8re et tr\u00e8s touchant.<\/p>\n\n\n\n<h3 class=\"wp-block-heading\">As-tu vu une \u00e9volution des go\u00fbts du public ces derni\u00e8res ann\u00e9es ?<\/h3>\n\n\n\n<p>Oui, clairement. Le public \u00e9volue, et ses attentes aussi. On sent qu\u2019on arrive \u00e0 un moment charni\u00e8re o\u00f9 les festivals vont devoir s\u2019adapter. On ne pourra plus se contenter de reproduire les recettes du pass\u00e9.<\/p>\n\n\n\n<h3 class=\"wp-block-heading\">Y a-t-il un ou une artiste que tu n\u2019as pas encore r\u00e9ussi \u00e0 faire venir, mais que tu esp\u00e8res toujours programmer un jour ?<\/h3>\n\n\n\n<p>Oui, Damon Albarn. On a essay\u00e9 avec Blur, mais ils ne tournent plus ensemble. Maintenant, notre r\u00eave, ce serait d\u2019accueillir Gorillaz. Je ne sais pas si ce sera possible\u2026 mais on ne l\u00e2che pas l\u2019affaire !<\/p>\n\n\n\n<h3 class=\"wp-block-heading\">Enfin, que dirais-tu aux personnes qui ont d\u00e9couvert Terres du Son il y a 20 ans, et \u00e0 celles qui le d\u00e9couvrent aujourd\u2019hui ?<\/h3>\n\n\n\n<p>Ce que je trouve beau dans un festival, c\u2019est qu\u2019on vient souvent pour un artiste\u2026 et qu\u2019on en d\u00e9couvre quatre autres. \u00c7a vaut pour Terres du Son, comme pour d\u2019autres festivals.<\/p>\n\n\n\n<p>Moi le premier, quand je vais \u00e0 Aucard de Tours, je tombe sur des artistes que je ne connaissais pas, et c\u2019est \u00e7a qui est magique. Alors, sans vouloir faire la morale : <strong>restez curieux !<\/strong><\/p>\n\n\n\n<div style=\"height:32px\" aria-hidden=\"true\" class=\"wp-block-spacer\"><\/div>\n\n\n\n<figure class=\"wp-block-image size-large\"><img loading=\"lazy\" decoding=\"async\" width=\"1024\" height=\"679\" src=\"https:\/\/www.terresduson.com\/live\/wp-content\/uploads\/2025\/07\/micka-3-1024x679.jpg\" alt=\"\" class=\"wp-image-2717\" srcset=\"https:\/\/www.terresduson.com\/live\/wp-content\/uploads\/2025\/07\/micka-3-1024x679.jpg 1024w, https:\/\/www.terresduson.com\/live\/wp-content\/uploads\/2025\/07\/micka-3-300x199.jpg 300w, https:\/\/www.terresduson.com\/live\/wp-content\/uploads\/2025\/07\/micka-3-768x509.jpg 768w, https:\/\/www.terresduson.com\/live\/wp-content\/uploads\/2025\/07\/micka-3.avif 1280w\" sizes=\"auto, (max-width: 1024px) 100vw, 1024px\" \/><\/figure>\n","protected":false},"excerpt":{"rendered":"<p>Autrice : Aude O | Cr\u00e9dits photo : Co. photographi &#8211; Antoine Lavergne \u00c0 l\u2019occasion des 20 ans de Terres du Son, nous avons rencontr\u00e9 Micka\u00ebl Marteau, charg\u00e9 de la programmation et de la production. Il revient avec nous sur son parcours, les coulisses du festival et la philosophie derri\u00e8re la programmation. Peux-tu te pr\u00e9senter [&hellip;]<\/p>\n","protected":false},"author":1,"featured_media":2718,"comment_status":"closed","ping_status":"closed","sticky":false,"template":"","format":"standard","meta":{"_acf_changed":false,"footnotes":""},"categories":[95,78,23,25],"tags":[],"class_list":["post-2714","post","type-post","status-publish","format-standard","has-post-thumbnail","hentry","category-cat","category-interview","category-jour","category-samedi"],"acf":[],"yoast_head":"<!-- This site is optimized with the Yoast SEO plugin v25.5 - https:\/\/yoast.com\/wordpress\/plugins\/seo\/ -->\n<title>Micka\u00ebl Marteau charg\u00e9 de prog ! - Gazette live - Festival Terres du son<\/title>\n<meta name=\"robots\" content=\"index, follow, max-snippet:-1, max-image-preview:large, max-video-preview:-1\" \/>\n<link rel=\"canonical\" href=\"https:\/\/www.terresduson.com\/live\/mickael-marteau-charge-de-prog\/\" \/>\n<meta property=\"og:locale\" content=\"fr_FR\" \/>\n<meta property=\"og:type\" content=\"article\" \/>\n<meta property=\"og:title\" content=\"Micka\u00ebl Marteau charg\u00e9 de prog ! - Gazette live - Festival Terres du son\" \/>\n<meta property=\"og:description\" content=\"Autrice : Aude O | Cr\u00e9dits photo : Co. photographi &#8211; Antoine Lavergne \u00c0 l\u2019occasion des 20 ans de Terres du Son, nous avons rencontr\u00e9 Micka\u00ebl Marteau, charg\u00e9 de la programmation et de la production. Il revient avec nous sur son parcours, les coulisses du festival et la philosophie derri\u00e8re la programmation. Peux-tu te pr\u00e9senter [&hellip;]\" \/>\n<meta property=\"og:url\" content=\"https:\/\/www.terresduson.com\/live\/mickael-marteau-charge-de-prog\/\" \/>\n<meta property=\"og:site_name\" content=\"Gazette live - Festival Terres du son\" \/>\n<meta property=\"article:publisher\" content=\"https:\/\/www.facebook.com\/festivalterresduson\/\" \/>\n<meta property=\"article:published_time\" content=\"2025-07-14T15:34:04+00:00\" \/>\n<meta property=\"og:image\" content=\"https:\/\/www.terresduson.com\/live\/wp-content\/uploads\/2019\/07\/fb_tds2019w.jpg\" \/>\n\t<meta property=\"og:image:width\" content=\"1024\" \/>\n\t<meta property=\"og:image:height\" content=\"521\" \/>\n\t<meta property=\"og:image:type\" content=\"image\/jpeg\" \/>\n<meta name=\"author\" content=\"Ludovic Evelin\" \/>\n<meta name=\"twitter:card\" content=\"summary_large_image\" \/>\n<meta name=\"twitter:creator\" content=\"@Terres_du_Son\" \/>\n<meta name=\"twitter:site\" content=\"@Terres_du_Son\" \/>\n<meta name=\"twitter:label1\" content=\"\u00c9crit par\" \/>\n\t<meta name=\"twitter:data1\" content=\"Ludovic Evelin\" \/>\n\t<meta name=\"twitter:label2\" content=\"Dur\u00e9e de lecture estim\u00e9e\" \/>\n\t<meta name=\"twitter:data2\" content=\"6 minutes\" \/>\n<script type=\"application\/ld+json\" class=\"yoast-schema-graph\">{\"@context\":\"https:\/\/schema.org\",\"@graph\":[{\"@type\":\"Article\",\"@id\":\"https:\/\/www.terresduson.com\/live\/mickael-marteau-charge-de-prog\/#article\",\"isPartOf\":{\"@id\":\"https:\/\/www.terresduson.com\/live\/mickael-marteau-charge-de-prog\/\"},\"author\":{\"name\":\"Ludovic Evelin\",\"@id\":\"https:\/\/www.terresduson.com\/live\/#\/schema\/person\/d3e072cb1a1cc4d7ecf46056412e0e94\"},\"headline\":\"Micka\u00ebl Marteau charg\u00e9 de prog !\",\"datePublished\":\"2025-07-14T15:34:04+00:00\",\"mainEntityOfPage\":{\"@id\":\"https:\/\/www.terresduson.com\/live\/mickael-marteau-charge-de-prog\/\"},\"wordCount\":1042,\"publisher\":{\"@id\":\"https:\/\/www.terresduson.com\/live\/#organization\"},\"image\":{\"@id\":\"https:\/\/www.terresduson.com\/live\/mickael-marteau-charge-de-prog\/#primaryimage\"},\"thumbnailUrl\":\"https:\/\/www.terresduson.com\/live\/wp-content\/uploads\/2025\/07\/micka-min.avif\",\"articleSection\":[\"Cat\",\"Interview\",\"Jour\",\"Samedi\"],\"inLanguage\":\"fr-FR\"},{\"@type\":\"WebPage\",\"@id\":\"https:\/\/www.terresduson.com\/live\/mickael-marteau-charge-de-prog\/\",\"url\":\"https:\/\/www.terresduson.com\/live\/mickael-marteau-charge-de-prog\/\",\"name\":\"Micka\u00ebl Marteau charg\u00e9 de prog ! - Gazette live - Festival Terres du son\",\"isPartOf\":{\"@id\":\"https:\/\/www.terresduson.com\/live\/#website\"},\"primaryImageOfPage\":{\"@id\":\"https:\/\/www.terresduson.com\/live\/mickael-marteau-charge-de-prog\/#primaryimage\"},\"image\":{\"@id\":\"https:\/\/www.terresduson.com\/live\/mickael-marteau-charge-de-prog\/#primaryimage\"},\"thumbnailUrl\":\"https:\/\/www.terresduson.com\/live\/wp-content\/uploads\/2025\/07\/micka-min.avif\",\"datePublished\":\"2025-07-14T15:34:04+00:00\",\"breadcrumb\":{\"@id\":\"https:\/\/www.terresduson.com\/live\/mickael-marteau-charge-de-prog\/#breadcrumb\"},\"inLanguage\":\"fr-FR\",\"potentialAction\":[{\"@type\":\"ReadAction\",\"target\":[\"https:\/\/www.terresduson.com\/live\/mickael-marteau-charge-de-prog\/\"]}]},{\"@type\":\"ImageObject\",\"inLanguage\":\"fr-FR\",\"@id\":\"https:\/\/www.terresduson.com\/live\/mickael-marteau-charge-de-prog\/#primaryimage\",\"url\":\"https:\/\/www.terresduson.com\/live\/wp-content\/uploads\/2025\/07\/micka-min.avif\",\"contentUrl\":\"https:\/\/www.terresduson.com\/live\/wp-content\/uploads\/2025\/07\/micka-min.avif\",\"width\":800,\"height\":467},{\"@type\":\"BreadcrumbList\",\"@id\":\"https:\/\/www.terresduson.com\/live\/mickael-marteau-charge-de-prog\/#breadcrumb\",\"itemListElement\":[{\"@type\":\"ListItem\",\"position\":1,\"name\":\"Accueil\",\"item\":\"https:\/\/www.terresduson.com\/live\/\"},{\"@type\":\"ListItem\",\"position\":2,\"name\":\"Micka\u00ebl Marteau charg\u00e9 de prog !\"}]},{\"@type\":\"WebSite\",\"@id\":\"https:\/\/www.terresduson.com\/live\/#website\",\"url\":\"https:\/\/www.terresduson.com\/live\/\",\"name\":\"Gazette live - Festival Terres du son\",\"description\":\"11, 12, 13 juillet 2025\",\"publisher\":{\"@id\":\"https:\/\/www.terresduson.com\/live\/#organization\"},\"potentialAction\":[{\"@type\":\"SearchAction\",\"target\":{\"@type\":\"EntryPoint\",\"urlTemplate\":\"https:\/\/www.terresduson.com\/live\/?s={search_term_string}\"},\"query-input\":{\"@type\":\"PropertyValueSpecification\",\"valueRequired\":true,\"valueName\":\"search_term_string\"}}],\"inLanguage\":\"fr-FR\"},{\"@type\":\"Organization\",\"@id\":\"https:\/\/www.terresduson.com\/live\/#organization\",\"name\":\"Terres du son\",\"url\":\"https:\/\/www.terresduson.com\/live\/\",\"logo\":{\"@type\":\"ImageObject\",\"inLanguage\":\"fr-FR\",\"@id\":\"https:\/\/www.terresduson.com\/live\/#\/schema\/logo\/image\/\",\"url\":\"https:\/\/www.terresduson.com\/live\/wp-content\/uploads\/2018\/07\/bandeau_tds_live.png\",\"contentUrl\":\"https:\/\/www.terresduson.com\/live\/wp-content\/uploads\/2018\/07\/bandeau_tds_live.png\",\"width\":1024,\"height\":500,\"caption\":\"Terres du son\"},\"image\":{\"@id\":\"https:\/\/www.terresduson.com\/live\/#\/schema\/logo\/image\/\"},\"sameAs\":[\"https:\/\/www.facebook.com\/festivalterresduson\/\",\"https:\/\/x.com\/Terres_du_Son\",\"https:\/\/www.instagram.com\/terresduson\/\",\"https:\/\/www.youtube.com\/channel\/UCugRO-2-oo70oC9mf2iHWMA\"]},{\"@type\":\"Person\",\"@id\":\"https:\/\/www.terresduson.com\/live\/#\/schema\/person\/d3e072cb1a1cc4d7ecf46056412e0e94\",\"name\":\"Ludovic Evelin\",\"image\":{\"@type\":\"ImageObject\",\"inLanguage\":\"fr-FR\",\"@id\":\"https:\/\/www.terresduson.com\/live\/#\/schema\/person\/image\/\",\"url\":\"https:\/\/secure.gravatar.com\/avatar\/84f754c34def02a65d67b21b964ec99e47424cef21eb7a1dc47023fab4424834?s=96&d=mm&r=g\",\"contentUrl\":\"https:\/\/secure.gravatar.com\/avatar\/84f754c34def02a65d67b21b964ec99e47424cef21eb7a1dc47023fab4424834?s=96&d=mm&r=g\",\"caption\":\"Ludovic Evelin\"},\"url\":\"https:\/\/www.terresduson.com\/live\/author\/ludo\/\"}]}<\/script>\n<!-- \/ Yoast SEO plugin. -->","yoast_head_json":{"title":"Micka\u00ebl Marteau charg\u00e9 de prog ! - Gazette live - Festival Terres du son","robots":{"index":"index","follow":"follow","max-snippet":"max-snippet:-1","max-image-preview":"max-image-preview:large","max-video-preview":"max-video-preview:-1"},"canonical":"https:\/\/www.terresduson.com\/live\/mickael-marteau-charge-de-prog\/","og_locale":"fr_FR","og_type":"article","og_title":"Micka\u00ebl Marteau charg\u00e9 de prog ! - Gazette live - Festival Terres du son","og_description":"Autrice : Aude O | Cr\u00e9dits photo : Co. photographi &#8211; Antoine Lavergne \u00c0 l\u2019occasion des 20 ans de Terres du Son, nous avons rencontr\u00e9 Micka\u00ebl Marteau, charg\u00e9 de la programmation et de la production. Il revient avec nous sur son parcours, les coulisses du festival et la philosophie derri\u00e8re la programmation. Peux-tu te pr\u00e9senter [&hellip;]","og_url":"https:\/\/www.terresduson.com\/live\/mickael-marteau-charge-de-prog\/","og_site_name":"Gazette live - Festival Terres du son","article_publisher":"https:\/\/www.facebook.com\/festivalterresduson\/","article_published_time":"2025-07-14T15:34:04+00:00","og_image":[{"width":1024,"height":521,"url":"https:\/\/www.terresduson.com\/live\/wp-content\/uploads\/2019\/07\/fb_tds2019w.jpg","type":"image\/jpeg"}],"author":"Ludovic Evelin","twitter_card":"summary_large_image","twitter_creator":"@Terres_du_Son","twitter_site":"@Terres_du_Son","twitter_misc":{"\u00c9crit par":"Ludovic Evelin","Dur\u00e9e de lecture estim\u00e9e":"6 minutes"},"schema":{"@context":"https:\/\/schema.org","@graph":[{"@type":"Article","@id":"https:\/\/www.terresduson.com\/live\/mickael-marteau-charge-de-prog\/#article","isPartOf":{"@id":"https:\/\/www.terresduson.com\/live\/mickael-marteau-charge-de-prog\/"},"author":{"name":"Ludovic Evelin","@id":"https:\/\/www.terresduson.com\/live\/#\/schema\/person\/d3e072cb1a1cc4d7ecf46056412e0e94"},"headline":"Micka\u00ebl Marteau charg\u00e9 de prog !","datePublished":"2025-07-14T15:34:04+00:00","mainEntityOfPage":{"@id":"https:\/\/www.terresduson.com\/live\/mickael-marteau-charge-de-prog\/"},"wordCount":1042,"publisher":{"@id":"https:\/\/www.terresduson.com\/live\/#organization"},"image":{"@id":"https:\/\/www.terresduson.com\/live\/mickael-marteau-charge-de-prog\/#primaryimage"},"thumbnailUrl":"https:\/\/www.terresduson.com\/live\/wp-content\/uploads\/2025\/07\/micka-min.avif","articleSection":["Cat","Interview","Jour","Samedi"],"inLanguage":"fr-FR"},{"@type":"WebPage","@id":"https:\/\/www.terresduson.com\/live\/mickael-marteau-charge-de-prog\/","url":"https:\/\/www.terresduson.com\/live\/mickael-marteau-charge-de-prog\/","name":"Micka\u00ebl Marteau charg\u00e9 de prog ! - Gazette live - Festival Terres du son","isPartOf":{"@id":"https:\/\/www.terresduson.com\/live\/#website"},"primaryImageOfPage":{"@id":"https:\/\/www.terresduson.com\/live\/mickael-marteau-charge-de-prog\/#primaryimage"},"image":{"@id":"https:\/\/www.terresduson.com\/live\/mickael-marteau-charge-de-prog\/#primaryimage"},"thumbnailUrl":"https:\/\/www.terresduson.com\/live\/wp-content\/uploads\/2025\/07\/micka-min.avif","datePublished":"2025-07-14T15:34:04+00:00","breadcrumb":{"@id":"https:\/\/www.terresduson.com\/live\/mickael-marteau-charge-de-prog\/#breadcrumb"},"inLanguage":"fr-FR","potentialAction":[{"@type":"ReadAction","target":["https:\/\/www.terresduson.com\/live\/mickael-marteau-charge-de-prog\/"]}]},{"@type":"ImageObject","inLanguage":"fr-FR","@id":"https:\/\/www.terresduson.com\/live\/mickael-marteau-charge-de-prog\/#primaryimage","url":"https:\/\/www.terresduson.com\/live\/wp-content\/uploads\/2025\/07\/micka-min.avif","contentUrl":"https:\/\/www.terresduson.com\/live\/wp-content\/uploads\/2025\/07\/micka-min.avif","width":800,"height":467},{"@type":"BreadcrumbList","@id":"https:\/\/www.terresduson.com\/live\/mickael-marteau-charge-de-prog\/#breadcrumb","itemListElement":[{"@type":"ListItem","position":1,"name":"Accueil","item":"https:\/\/www.terresduson.com\/live\/"},{"@type":"ListItem","position":2,"name":"Micka\u00ebl Marteau charg\u00e9 de prog !"}]},{"@type":"WebSite","@id":"https:\/\/www.terresduson.com\/live\/#website","url":"https:\/\/www.terresduson.com\/live\/","name":"Gazette live - Festival Terres du son","description":"11, 12, 13 juillet 2025","publisher":{"@id":"https:\/\/www.terresduson.com\/live\/#organization"},"potentialAction":[{"@type":"SearchAction","target":{"@type":"EntryPoint","urlTemplate":"https:\/\/www.terresduson.com\/live\/?s={search_term_string}"},"query-input":{"@type":"PropertyValueSpecification","valueRequired":true,"valueName":"search_term_string"}}],"inLanguage":"fr-FR"},{"@type":"Organization","@id":"https:\/\/www.terresduson.com\/live\/#organization","name":"Terres du son","url":"https:\/\/www.terresduson.com\/live\/","logo":{"@type":"ImageObject","inLanguage":"fr-FR","@id":"https:\/\/www.terresduson.com\/live\/#\/schema\/logo\/image\/","url":"https:\/\/www.terresduson.com\/live\/wp-content\/uploads\/2018\/07\/bandeau_tds_live.png","contentUrl":"https:\/\/www.terresduson.com\/live\/wp-content\/uploads\/2018\/07\/bandeau_tds_live.png","width":1024,"height":500,"caption":"Terres du son"},"image":{"@id":"https:\/\/www.terresduson.com\/live\/#\/schema\/logo\/image\/"},"sameAs":["https:\/\/www.facebook.com\/festivalterresduson\/","https:\/\/x.com\/Terres_du_Son","https:\/\/www.instagram.com\/terresduson\/","https:\/\/www.youtube.com\/channel\/UCugRO-2-oo70oC9mf2iHWMA"]},{"@type":"Person","@id":"https:\/\/www.terresduson.com\/live\/#\/schema\/person\/d3e072cb1a1cc4d7ecf46056412e0e94","name":"Ludovic Evelin","image":{"@type":"ImageObject","inLanguage":"fr-FR","@id":"https:\/\/www.terresduson.com\/live\/#\/schema\/person\/image\/","url":"https:\/\/secure.gravatar.com\/avatar\/84f754c34def02a65d67b21b964ec99e47424cef21eb7a1dc47023fab4424834?s=96&d=mm&r=g","contentUrl":"https:\/\/secure.gravatar.com\/avatar\/84f754c34def02a65d67b21b964ec99e47424cef21eb7a1dc47023fab4424834?s=96&d=mm&r=g","caption":"Ludovic Evelin"},"url":"https:\/\/www.terresduson.com\/live\/author\/ludo\/"}]}},"_links":{"self":[{"href":"https:\/\/www.terresduson.com\/live\/wp-json\/wp\/v2\/posts\/2714","targetHints":{"allow":["GET"]}}],"collection":[{"href":"https:\/\/www.terresduson.com\/live\/wp-json\/wp\/v2\/posts"}],"about":[{"href":"https:\/\/www.terresduson.com\/live\/wp-json\/wp\/v2\/types\/post"}],"author":[{"embeddable":true,"href":"https:\/\/www.terresduson.com\/live\/wp-json\/wp\/v2\/users\/1"}],"replies":[{"embeddable":true,"href":"https:\/\/www.terresduson.com\/live\/wp-json\/wp\/v2\/comments?post=2714"}],"version-history":[{"count":1,"href":"https:\/\/www.terresduson.com\/live\/wp-json\/wp\/v2\/posts\/2714\/revisions"}],"predecessor-version":[{"id":2719,"href":"https:\/\/www.terresduson.com\/live\/wp-json\/wp\/v2\/posts\/2714\/revisions\/2719"}],"wp:featuredmedia":[{"embeddable":true,"href":"https:\/\/www.terresduson.com\/live\/wp-json\/wp\/v2\/media\/2718"}],"wp:attachment":[{"href":"https:\/\/www.terresduson.com\/live\/wp-json\/wp\/v2\/media?parent=2714"}],"wp:term":[{"taxonomy":"category","embeddable":true,"href":"https:\/\/www.terresduson.com\/live\/wp-json\/wp\/v2\/categories?post=2714"},{"taxonomy":"post_tag","embeddable":true,"href":"https:\/\/www.terresduson.com\/live\/wp-json\/wp\/v2\/tags?post=2714"}],"curies":[{"name":"wp","href":"https:\/\/api.w.org\/{rel}","templated":true}]}}