{"id":2706,"date":"2025-07-14T16:29:45","date_gmt":"2025-07-14T14:29:45","guid":{"rendered":"https:\/\/www.terresduson.com\/live\/?p=2706"},"modified":"2025-07-14T16:29:45","modified_gmt":"2025-07-14T14:29:45","slug":"la-fete-a-toto","status":"publish","type":"post","link":"https:\/\/www.terresduson.com\/live\/la-fete-a-toto\/","title":{"rendered":"La f\u00eate \u00e0 Toto"},"content":{"rendered":"\n<p>Auteurs : Romain P et Aude O | Cr\u00e9dit Photo : Chlo\u00e9 Viratelle<\/p>\n\n\n\n<p>Aujourd\u2019hui, \u00e0 l\u2019occasion des 20 ans de Terres du son, nous avons la chance d\u2019avoir re\u00e7u le collectif \u00ab la F\u00eate \u00e0 Toto \u00bb, un collectif d\u2019art de rue comprenant 120 artistes. Cette ann\u00e9e, 15 d\u2019entre eux nous ont ouvert les portes de leur univers.<\/p>\n\n\n\n<div style=\"height:32px\" aria-hidden=\"true\" class=\"wp-block-spacer\"><\/div>\n\n\n\n<figure class=\"wp-block-image size-large\"><img loading=\"lazy\" decoding=\"async\" width=\"1024\" height=\"679\" src=\"https:\/\/www.terresduson.com\/live\/wp-content\/uploads\/2025\/07\/toto-1024x679.jpg\" alt=\"\" class=\"wp-image-2707\" srcset=\"https:\/\/www.terresduson.com\/live\/wp-content\/uploads\/2025\/07\/toto-1024x679.jpg 1024w, https:\/\/www.terresduson.com\/live\/wp-content\/uploads\/2025\/07\/toto-300x199.jpg 300w, https:\/\/www.terresduson.com\/live\/wp-content\/uploads\/2025\/07\/toto-768x509.jpg 768w, https:\/\/www.terresduson.com\/live\/wp-content\/uploads\/2025\/07\/toto.avif 1280w\" sizes=\"auto, (max-width: 1024px) 100vw, 1024px\" \/><\/figure>\n\n\n\n<div style=\"height:32px\" aria-hidden=\"true\" class=\"wp-block-spacer\"><\/div>\n\n\n\n<p>C\u2019est aupr\u00e8s de Mehdi, com\u00e9dien dans la vie mais aussi acteur majeur de la cr\u00e9ation de ce collectif, que nous avons pu en savoir plus !<\/p>\n\n\n\n<h3 class=\"wp-block-heading\">Comment est n\u00e9 le projet de monter tout un collectif <strong>?<\/strong><\/h3>\n\n\n\n<p>Le projet est <strong>n\u00e9<\/strong> en Allemagne, plus pr\u00e9cis\u00e9ment au Fusion festival, au d\u00e9tour d\u2019une rencontre entre une vingtaine de personnes qui avaient avant tout envie de s\u2019amuser et d\u2019amuser les autres.<\/p>\n\n\n\n<h3 class=\"wp-block-heading\">Que peut-on retrouver dans l\u2019espace de La F\u00eate \u00e0 Toto ?<\/h3>\n\n\n\n<p>On a am\u00e9nag\u00e9 cinq attractions, comprenant du cassage d\u2019assiettes, de la p\u00e9tanque explosive, <strong>une<\/strong> fa\u00e7on de mesurer ta force avec un show rock and roll, la Rocky Roller, une piste disco et un studio photo o\u00f9 tu peux te d\u00e9guiser comme tu veux et repartir avec ta photo souvenir.<\/p>\n\n\n\n<h3 class=\"wp-block-heading\">Sur quel autre \u00e9v\u00e9nement et p\u00e9riode peut-on vous voir ?<\/h3>\n\n\n\n<p><br>C\u2019est un collectif qui joue principalement d\u2019avril \u00e0 septembre, m\u00eame <strong>s\u2019il<\/strong> nous arrive d\u2019avoir des dates \u00e0 la p\u00e9riode des f\u00eates, mais on le retrouve principalement en festivals. D\u2019ailleurs, le collectif a un gros site sur le Fusion festival, l\u00e0 o\u00f9 tout a commenc\u00e9 pour la F\u00eate \u00e0 Toto !<\/p>\n\n\n\n<div style=\"height:16px\" aria-hidden=\"true\" class=\"wp-block-spacer\"><\/div>\n\n\n\n<p>La boucle est boucl\u00e9e !<\/p>\n","protected":false},"excerpt":{"rendered":"<p>Auteurs : Romain P et Aude O | Cr\u00e9dit Photo : Chlo\u00e9 Viratelle Aujourd\u2019hui, \u00e0 l\u2019occasion des 20 ans de Terres du son, nous avons la chance d\u2019avoir re\u00e7u le collectif \u00ab la F\u00eate \u00e0 Toto \u00bb, un collectif d\u2019art de rue comprenant 120 artistes. Cette ann\u00e9e, 15 d\u2019entre eux nous ont ouvert les portes [&hellip;]<\/p>\n","protected":false},"author":1,"featured_media":2708,"comment_status":"closed","ping_status":"closed","sticky":false,"template":"","format":"standard","meta":{"_acf_changed":false,"footnotes":""},"categories":[95,26,78,23],"tags":[],"class_list":["post-2706","post","type-post","status-publish","format-standard","has-post-thumbnail","hentry","category-cat","category-dimanche","category-interview","category-jour"],"acf":[],"yoast_head":"<!-- This site is optimized with the Yoast SEO plugin v25.5 - https:\/\/yoast.com\/wordpress\/plugins\/seo\/ -->\n<title>La f\u00eate \u00e0 Toto - Gazette live - Festival Terres du son<\/title>\n<meta name=\"robots\" content=\"index, follow, max-snippet:-1, max-image-preview:large, max-video-preview:-1\" \/>\n<link rel=\"canonical\" href=\"https:\/\/www.terresduson.com\/live\/la-fete-a-toto\/\" \/>\n<meta property=\"og:locale\" content=\"fr_FR\" \/>\n<meta property=\"og:type\" content=\"article\" \/>\n<meta property=\"og:title\" content=\"La f\u00eate \u00e0 Toto - Gazette live - Festival Terres du son\" \/>\n<meta property=\"og:description\" content=\"Auteurs : Romain P et Aude O | Cr\u00e9dit Photo : Chlo\u00e9 Viratelle Aujourd\u2019hui, \u00e0 l\u2019occasion des 20 ans de Terres du son, nous avons la chance d\u2019avoir re\u00e7u le collectif \u00ab la F\u00eate \u00e0 Toto \u00bb, un collectif d\u2019art de rue comprenant 120 artistes. Cette ann\u00e9e, 15 d\u2019entre eux nous ont ouvert les portes [&hellip;]\" \/>\n<meta property=\"og:url\" content=\"https:\/\/www.terresduson.com\/live\/la-fete-a-toto\/\" \/>\n<meta property=\"og:site_name\" content=\"Gazette live - Festival Terres du son\" \/>\n<meta property=\"article:publisher\" content=\"https:\/\/www.facebook.com\/festivalterresduson\/\" \/>\n<meta property=\"article:published_time\" content=\"2025-07-14T14:29:45+00:00\" \/>\n<meta property=\"og:image\" content=\"https:\/\/www.terresduson.com\/live\/wp-content\/uploads\/2019\/07\/fb_tds2019w.jpg\" \/>\n\t<meta property=\"og:image:width\" content=\"1024\" \/>\n\t<meta property=\"og:image:height\" content=\"521\" \/>\n\t<meta property=\"og:image:type\" content=\"image\/jpeg\" \/>\n<meta name=\"author\" content=\"Ludovic Evelin\" \/>\n<meta name=\"twitter:card\" content=\"summary_large_image\" \/>\n<meta name=\"twitter:creator\" content=\"@Terres_du_Son\" \/>\n<meta name=\"twitter:site\" content=\"@Terres_du_Son\" \/>\n<meta name=\"twitter:label1\" content=\"\u00c9crit par\" \/>\n\t<meta name=\"twitter:data1\" content=\"Ludovic Evelin\" \/>\n\t<meta name=\"twitter:label2\" content=\"Dur\u00e9e de lecture estim\u00e9e\" \/>\n\t<meta name=\"twitter:data2\" content=\"2 minutes\" \/>\n<script type=\"application\/ld+json\" class=\"yoast-schema-graph\">{\"@context\":\"https:\/\/schema.org\",\"@graph\":[{\"@type\":\"Article\",\"@id\":\"https:\/\/www.terresduson.com\/live\/la-fete-a-toto\/#article\",\"isPartOf\":{\"@id\":\"https:\/\/www.terresduson.com\/live\/la-fete-a-toto\/\"},\"author\":{\"name\":\"Ludovic Evelin\",\"@id\":\"https:\/\/www.terresduson.com\/live\/#\/schema\/person\/d3e072cb1a1cc4d7ecf46056412e0e94\"},\"headline\":\"La f\u00eate \u00e0 Toto\",\"datePublished\":\"2025-07-14T14:29:45+00:00\",\"mainEntityOfPage\":{\"@id\":\"https:\/\/www.terresduson.com\/live\/la-fete-a-toto\/\"},\"wordCount\":273,\"publisher\":{\"@id\":\"https:\/\/www.terresduson.com\/live\/#organization\"},\"image\":{\"@id\":\"https:\/\/www.terresduson.com\/live\/la-fete-a-toto\/#primaryimage\"},\"thumbnailUrl\":\"https:\/\/www.terresduson.com\/live\/wp-content\/uploads\/2025\/07\/toto-min.avif\",\"articleSection\":[\"Cat\",\"Dimanche\",\"Interview\",\"Jour\"],\"inLanguage\":\"fr-FR\"},{\"@type\":\"WebPage\",\"@id\":\"https:\/\/www.terresduson.com\/live\/la-fete-a-toto\/\",\"url\":\"https:\/\/www.terresduson.com\/live\/la-fete-a-toto\/\",\"name\":\"La f\u00eate \u00e0 Toto - Gazette live - Festival Terres du son\",\"isPartOf\":{\"@id\":\"https:\/\/www.terresduson.com\/live\/#website\"},\"primaryImageOfPage\":{\"@id\":\"https:\/\/www.terresduson.com\/live\/la-fete-a-toto\/#primaryimage\"},\"image\":{\"@id\":\"https:\/\/www.terresduson.com\/live\/la-fete-a-toto\/#primaryimage\"},\"thumbnailUrl\":\"https:\/\/www.terresduson.com\/live\/wp-content\/uploads\/2025\/07\/toto-min.avif\",\"datePublished\":\"2025-07-14T14:29:45+00:00\",\"breadcrumb\":{\"@id\":\"https:\/\/www.terresduson.com\/live\/la-fete-a-toto\/#breadcrumb\"},\"inLanguage\":\"fr-FR\",\"potentialAction\":[{\"@type\":\"ReadAction\",\"target\":[\"https:\/\/www.terresduson.com\/live\/la-fete-a-toto\/\"]}]},{\"@type\":\"ImageObject\",\"inLanguage\":\"fr-FR\",\"@id\":\"https:\/\/www.terresduson.com\/live\/la-fete-a-toto\/#primaryimage\",\"url\":\"https:\/\/www.terresduson.com\/live\/wp-content\/uploads\/2025\/07\/toto-min.avif\",\"contentUrl\":\"https:\/\/www.terresduson.com\/live\/wp-content\/uploads\/2025\/07\/toto-min.avif\",\"width\":800,\"height\":560},{\"@type\":\"BreadcrumbList\",\"@id\":\"https:\/\/www.terresduson.com\/live\/la-fete-a-toto\/#breadcrumb\",\"itemListElement\":[{\"@type\":\"ListItem\",\"position\":1,\"name\":\"Accueil\",\"item\":\"https:\/\/www.terresduson.com\/live\/\"},{\"@type\":\"ListItem\",\"position\":2,\"name\":\"La f\u00eate \u00e0 Toto\"}]},{\"@type\":\"WebSite\",\"@id\":\"https:\/\/www.terresduson.com\/live\/#website\",\"url\":\"https:\/\/www.terresduson.com\/live\/\",\"name\":\"Gazette live - Festival Terres du son\",\"description\":\"11, 12, 13 juillet 2025\",\"publisher\":{\"@id\":\"https:\/\/www.terresduson.com\/live\/#organization\"},\"potentialAction\":[{\"@type\":\"SearchAction\",\"target\":{\"@type\":\"EntryPoint\",\"urlTemplate\":\"https:\/\/www.terresduson.com\/live\/?s={search_term_string}\"},\"query-input\":{\"@type\":\"PropertyValueSpecification\",\"valueRequired\":true,\"valueName\":\"search_term_string\"}}],\"inLanguage\":\"fr-FR\"},{\"@type\":\"Organization\",\"@id\":\"https:\/\/www.terresduson.com\/live\/#organization\",\"name\":\"Terres du son\",\"url\":\"https:\/\/www.terresduson.com\/live\/\",\"logo\":{\"@type\":\"ImageObject\",\"inLanguage\":\"fr-FR\",\"@id\":\"https:\/\/www.terresduson.com\/live\/#\/schema\/logo\/image\/\",\"url\":\"https:\/\/www.terresduson.com\/live\/wp-content\/uploads\/2018\/07\/bandeau_tds_live.png\",\"contentUrl\":\"https:\/\/www.terresduson.com\/live\/wp-content\/uploads\/2018\/07\/bandeau_tds_live.png\",\"width\":1024,\"height\":500,\"caption\":\"Terres du son\"},\"image\":{\"@id\":\"https:\/\/www.terresduson.com\/live\/#\/schema\/logo\/image\/\"},\"sameAs\":[\"https:\/\/www.facebook.com\/festivalterresduson\/\",\"https:\/\/x.com\/Terres_du_Son\",\"https:\/\/www.instagram.com\/terresduson\/\",\"https:\/\/www.youtube.com\/channel\/UCugRO-2-oo70oC9mf2iHWMA\"]},{\"@type\":\"Person\",\"@id\":\"https:\/\/www.terresduson.com\/live\/#\/schema\/person\/d3e072cb1a1cc4d7ecf46056412e0e94\",\"name\":\"Ludovic Evelin\",\"image\":{\"@type\":\"ImageObject\",\"inLanguage\":\"fr-FR\",\"@id\":\"https:\/\/www.terresduson.com\/live\/#\/schema\/person\/image\/\",\"url\":\"https:\/\/secure.gravatar.com\/avatar\/84f754c34def02a65d67b21b964ec99e47424cef21eb7a1dc47023fab4424834?s=96&d=mm&r=g\",\"contentUrl\":\"https:\/\/secure.gravatar.com\/avatar\/84f754c34def02a65d67b21b964ec99e47424cef21eb7a1dc47023fab4424834?s=96&d=mm&r=g\",\"caption\":\"Ludovic Evelin\"},\"url\":\"https:\/\/www.terresduson.com\/live\/author\/ludo\/\"}]}<\/script>\n<!-- \/ Yoast SEO plugin. -->","yoast_head_json":{"title":"La f\u00eate \u00e0 Toto - Gazette live - Festival Terres du son","robots":{"index":"index","follow":"follow","max-snippet":"max-snippet:-1","max-image-preview":"max-image-preview:large","max-video-preview":"max-video-preview:-1"},"canonical":"https:\/\/www.terresduson.com\/live\/la-fete-a-toto\/","og_locale":"fr_FR","og_type":"article","og_title":"La f\u00eate \u00e0 Toto - Gazette live - Festival Terres du son","og_description":"Auteurs : Romain P et Aude O | Cr\u00e9dit Photo : Chlo\u00e9 Viratelle Aujourd\u2019hui, \u00e0 l\u2019occasion des 20 ans de Terres du son, nous avons la chance d\u2019avoir re\u00e7u le collectif \u00ab la F\u00eate \u00e0 Toto \u00bb, un collectif d\u2019art de rue comprenant 120 artistes. Cette ann\u00e9e, 15 d\u2019entre eux nous ont ouvert les portes [&hellip;]","og_url":"https:\/\/www.terresduson.com\/live\/la-fete-a-toto\/","og_site_name":"Gazette live - Festival Terres du son","article_publisher":"https:\/\/www.facebook.com\/festivalterresduson\/","article_published_time":"2025-07-14T14:29:45+00:00","og_image":[{"width":1024,"height":521,"url":"https:\/\/www.terresduson.com\/live\/wp-content\/uploads\/2019\/07\/fb_tds2019w.jpg","type":"image\/jpeg"}],"author":"Ludovic Evelin","twitter_card":"summary_large_image","twitter_creator":"@Terres_du_Son","twitter_site":"@Terres_du_Son","twitter_misc":{"\u00c9crit par":"Ludovic Evelin","Dur\u00e9e de lecture estim\u00e9e":"2 minutes"},"schema":{"@context":"https:\/\/schema.org","@graph":[{"@type":"Article","@id":"https:\/\/www.terresduson.com\/live\/la-fete-a-toto\/#article","isPartOf":{"@id":"https:\/\/www.terresduson.com\/live\/la-fete-a-toto\/"},"author":{"name":"Ludovic Evelin","@id":"https:\/\/www.terresduson.com\/live\/#\/schema\/person\/d3e072cb1a1cc4d7ecf46056412e0e94"},"headline":"La f\u00eate \u00e0 Toto","datePublished":"2025-07-14T14:29:45+00:00","mainEntityOfPage":{"@id":"https:\/\/www.terresduson.com\/live\/la-fete-a-toto\/"},"wordCount":273,"publisher":{"@id":"https:\/\/www.terresduson.com\/live\/#organization"},"image":{"@id":"https:\/\/www.terresduson.com\/live\/la-fete-a-toto\/#primaryimage"},"thumbnailUrl":"https:\/\/www.terresduson.com\/live\/wp-content\/uploads\/2025\/07\/toto-min.avif","articleSection":["Cat","Dimanche","Interview","Jour"],"inLanguage":"fr-FR"},{"@type":"WebPage","@id":"https:\/\/www.terresduson.com\/live\/la-fete-a-toto\/","url":"https:\/\/www.terresduson.com\/live\/la-fete-a-toto\/","name":"La f\u00eate \u00e0 Toto - Gazette live - Festival Terres du son","isPartOf":{"@id":"https:\/\/www.terresduson.com\/live\/#website"},"primaryImageOfPage":{"@id":"https:\/\/www.terresduson.com\/live\/la-fete-a-toto\/#primaryimage"},"image":{"@id":"https:\/\/www.terresduson.com\/live\/la-fete-a-toto\/#primaryimage"},"thumbnailUrl":"https:\/\/www.terresduson.com\/live\/wp-content\/uploads\/2025\/07\/toto-min.avif","datePublished":"2025-07-14T14:29:45+00:00","breadcrumb":{"@id":"https:\/\/www.terresduson.com\/live\/la-fete-a-toto\/#breadcrumb"},"inLanguage":"fr-FR","potentialAction":[{"@type":"ReadAction","target":["https:\/\/www.terresduson.com\/live\/la-fete-a-toto\/"]}]},{"@type":"ImageObject","inLanguage":"fr-FR","@id":"https:\/\/www.terresduson.com\/live\/la-fete-a-toto\/#primaryimage","url":"https:\/\/www.terresduson.com\/live\/wp-content\/uploads\/2025\/07\/toto-min.avif","contentUrl":"https:\/\/www.terresduson.com\/live\/wp-content\/uploads\/2025\/07\/toto-min.avif","width":800,"height":560},{"@type":"BreadcrumbList","@id":"https:\/\/www.terresduson.com\/live\/la-fete-a-toto\/#breadcrumb","itemListElement":[{"@type":"ListItem","position":1,"name":"Accueil","item":"https:\/\/www.terresduson.com\/live\/"},{"@type":"ListItem","position":2,"name":"La f\u00eate \u00e0 Toto"}]},{"@type":"WebSite","@id":"https:\/\/www.terresduson.com\/live\/#website","url":"https:\/\/www.terresduson.com\/live\/","name":"Gazette live - Festival Terres du son","description":"11, 12, 13 juillet 2025","publisher":{"@id":"https:\/\/www.terresduson.com\/live\/#organization"},"potentialAction":[{"@type":"SearchAction","target":{"@type":"EntryPoint","urlTemplate":"https:\/\/www.terresduson.com\/live\/?s={search_term_string}"},"query-input":{"@type":"PropertyValueSpecification","valueRequired":true,"valueName":"search_term_string"}}],"inLanguage":"fr-FR"},{"@type":"Organization","@id":"https:\/\/www.terresduson.com\/live\/#organization","name":"Terres du son","url":"https:\/\/www.terresduson.com\/live\/","logo":{"@type":"ImageObject","inLanguage":"fr-FR","@id":"https:\/\/www.terresduson.com\/live\/#\/schema\/logo\/image\/","url":"https:\/\/www.terresduson.com\/live\/wp-content\/uploads\/2018\/07\/bandeau_tds_live.png","contentUrl":"https:\/\/www.terresduson.com\/live\/wp-content\/uploads\/2018\/07\/bandeau_tds_live.png","width":1024,"height":500,"caption":"Terres du son"},"image":{"@id":"https:\/\/www.terresduson.com\/live\/#\/schema\/logo\/image\/"},"sameAs":["https:\/\/www.facebook.com\/festivalterresduson\/","https:\/\/x.com\/Terres_du_Son","https:\/\/www.instagram.com\/terresduson\/","https:\/\/www.youtube.com\/channel\/UCugRO-2-oo70oC9mf2iHWMA"]},{"@type":"Person","@id":"https:\/\/www.terresduson.com\/live\/#\/schema\/person\/d3e072cb1a1cc4d7ecf46056412e0e94","name":"Ludovic Evelin","image":{"@type":"ImageObject","inLanguage":"fr-FR","@id":"https:\/\/www.terresduson.com\/live\/#\/schema\/person\/image\/","url":"https:\/\/secure.gravatar.com\/avatar\/84f754c34def02a65d67b21b964ec99e47424cef21eb7a1dc47023fab4424834?s=96&d=mm&r=g","contentUrl":"https:\/\/secure.gravatar.com\/avatar\/84f754c34def02a65d67b21b964ec99e47424cef21eb7a1dc47023fab4424834?s=96&d=mm&r=g","caption":"Ludovic Evelin"},"url":"https:\/\/www.terresduson.com\/live\/author\/ludo\/"}]}},"_links":{"self":[{"href":"https:\/\/www.terresduson.com\/live\/wp-json\/wp\/v2\/posts\/2706","targetHints":{"allow":["GET"]}}],"collection":[{"href":"https:\/\/www.terresduson.com\/live\/wp-json\/wp\/v2\/posts"}],"about":[{"href":"https:\/\/www.terresduson.com\/live\/wp-json\/wp\/v2\/types\/post"}],"author":[{"embeddable":true,"href":"https:\/\/www.terresduson.com\/live\/wp-json\/wp\/v2\/users\/1"}],"replies":[{"embeddable":true,"href":"https:\/\/www.terresduson.com\/live\/wp-json\/wp\/v2\/comments?post=2706"}],"version-history":[{"count":1,"href":"https:\/\/www.terresduson.com\/live\/wp-json\/wp\/v2\/posts\/2706\/revisions"}],"predecessor-version":[{"id":2709,"href":"https:\/\/www.terresduson.com\/live\/wp-json\/wp\/v2\/posts\/2706\/revisions\/2709"}],"wp:featuredmedia":[{"embeddable":true,"href":"https:\/\/www.terresduson.com\/live\/wp-json\/wp\/v2\/media\/2708"}],"wp:attachment":[{"href":"https:\/\/www.terresduson.com\/live\/wp-json\/wp\/v2\/media?parent=2706"}],"wp:term":[{"taxonomy":"category","embeddable":true,"href":"https:\/\/www.terresduson.com\/live\/wp-json\/wp\/v2\/categories?post=2706"},{"taxonomy":"post_tag","embeddable":true,"href":"https:\/\/www.terresduson.com\/live\/wp-json\/wp\/v2\/tags?post=2706"}],"curies":[{"name":"wp","href":"https:\/\/api.w.org\/{rel}","templated":true}]}}