{"id":2700,"date":"2025-07-14T16:15:14","date_gmt":"2025-07-14T14:15:14","guid":{"rendered":"https:\/\/www.terresduson.com\/live\/?p=2700"},"modified":"2025-07-14T16:15:14","modified_gmt":"2025-07-14T14:15:14","slug":"julie-morvant-la-com-de-tds","status":"publish","type":"post","link":"https:\/\/www.terresduson.com\/live\/julie-morvant-la-com-de-tds\/","title":{"rendered":"Julie Morvant, la com&rsquo; de TDS"},"content":{"rendered":"\n<p>Autrice : Aude O | Cr\u00e9dit photos : Lonashoot \/ Co. photographi<\/p>\n\n\n\n<div style=\"height:32px\" aria-hidden=\"true\" class=\"wp-block-spacer\"><\/div>\n\n\n\n<h3 class=\"wp-block-heading\">Julie Morvant : \u00ab La communication, c\u2019est l\u2019\u00e9cho de l\u2019engagement du festival \u00bb<\/h3>\n\n\n\n<p>\u00c0 l\u2019occasion de cette \u00e9dition anniversaire, Julie Morvant, charg\u00e9e de communication et des relations presse du festival Terres du Son, revient sur les coulisses de son m\u00e9tier, les engagements \u00e9cologiques et inclusifs du festival, et les temps forts de cette 20\u1d49 \u00e9dition.<\/p>\n\n\n\n<div style=\"height:32px\" aria-hidden=\"true\" class=\"wp-block-spacer\"><\/div>\n\n\n\n<figure class=\"wp-block-image size-large\"><img loading=\"lazy\" decoding=\"async\" width=\"691\" height=\"1024\" src=\"https:\/\/www.terresduson.com\/live\/wp-content\/uploads\/2025\/07\/julie-1-691x1024.jpg\" alt=\"Julie Morvant\" class=\"wp-image-2701\" srcset=\"https:\/\/www.terresduson.com\/live\/wp-content\/uploads\/2025\/07\/julie-1-691x1024.jpg 691w, https:\/\/www.terresduson.com\/live\/wp-content\/uploads\/2025\/07\/julie-1-203x300.jpg 203w, https:\/\/www.terresduson.com\/live\/wp-content\/uploads\/2025\/07\/julie-1-768x1138.jpg 768w, https:\/\/www.terresduson.com\/live\/wp-content\/uploads\/2025\/07\/julie-1.avif 1024w\" sizes=\"auto, (max-width: 691px) 100vw, 691px\" \/><\/figure>\n\n\n\n<p>Cr\u00e9dit photo : Lonashoot<\/p>\n\n\n\n<div style=\"height:32px\" aria-hidden=\"true\" class=\"wp-block-spacer\"><\/div>\n\n\n\n<h3 class=\"wp-block-heading\">Peux-tu nous pr\u00e9senter ton r\u00f4le au sein de Terres du Son ?<\/h3>\n\n\n\n<p>Je suis charg\u00e9e de communication et des relations presse. Mon r\u00f4le est assez large : je coordonne toute la strat\u00e9gie de communication, aussi bien num\u00e9rique que physique. Cela comprend la gestion du plan com\u2019, les partenariats m\u00e9dias (radios, t\u00e9l\u00e9visions, presse \u00e9crite), mais aussi la communication interne, en lien avec les b\u00e9n\u00e9voles.<\/p>\n\n\n\n<h3 class=\"wp-block-heading\">Quand commence la pr\u00e9paration d\u2019une \u00e9dition ?<\/h3>\n\n\n\n<p>La pr\u00e9paration est cyclique. D\u00e8s septembre, je commence \u00e0 travailler sur la direction artistique de l\u2019\u00e9dition suivante, notamment l\u2019identit\u00e9 graphique. Depuis deux ans, on collabore avec l\u2019agence Nouvelle Cuisine pour la cr\u00e9ation visuelle. Les premi\u00e8res annonces d\u2019artistes arrivent vers novembre-d\u00e9cembre, et tout s\u2019encha\u00eene ensuite : plan de com, r\u00e9troplanning r\u00e9seaux sociaux, affichage, et relance des partenaires.<\/p>\n\n\n\n<h3 class=\"wp-block-heading\">Quels sont les enjeux sp\u00e9cifiques \u00e0 la communication d\u2019un grand festival comme Terres du Son ?<\/h3>\n\n\n\n<p>Nous avons une large communaut\u00e9 \u00e0 f\u00e9d\u00e9rer et entretenir. Ce n\u2019est pas toujours simple : plus la communaut\u00e9 est grande, plus la loi doit \u00eatre pr\u00e9cise, fluide et engageante. On tient aussi \u00e0 travailler avec le territoire local : faire venir des publics voisins, valoriser les partenaires, entretenir un ancrage territorial fort.<\/p>\n\n\n\n<h3 class=\"wp-block-heading\">Comment est compos\u00e9e l\u2019\u00e9quipe communication ?<\/h3>\n\n\n\n<p>\u00c0 l\u2019ann\u00e9e, je suis seule sur le poste. Je b\u00e9n\u00e9ficie d\u2019un renfort avec une alternance ou un stage long \u00e0 partir de f\u00e9vrier. Cette personne prend en charge les r\u00e9seaux sociaux, la d\u00e9clinaison de contenus, et m\u2019assiste sur l\u2019ensemble des actions de com\u2019.<\/p>\n\n\n\n<h3 class=\"wp-block-heading\">Terres du Son est reconnu pour son engagement \u00e9coresponsable. Comment cela se traduit-il concr\u00e8tement dans la communication ?<\/h3>\n\n\n\n<p>On a drastiquement r\u00e9duit notre communication imprim\u00e9e. On fait tr\u00e8s attention aux supports utilis\u00e9s, notamment en diff\u00e9renciant les visuels num\u00e9riques (fonds noirs) et print (fonds clairs) pour limiter l\u2019usage d\u2019encre. Notre site web est \u00e9cocon\u00e7u et totalement accessible, gr\u00e2ce \u00e0 une collaboration \u00e9troite avec notre webmaster Ludo. On applique \u00e9galement une charte des contenus inclusifs, vot\u00e9e par le CA, pour garantir l\u2019inclusivit\u00e9 dans le langage et les visuels.<\/p>\n\n\n\n<h3 class=\"wp-block-heading\">Selon toi, la communication peut-elle changer les comportements du public ?<\/h3>\n\n\n\n<p>Pas en amont, malheureusement. Les festivaliers ne viennent pas pour l\u2019aspect \u00e9coresponsable. Mais sur site, pendant les trois jours du festival, on sent que les actions concr\u00e8tes ont un vrai impact. C\u2019est l\u00e0 que la prise de conscience op\u00e8re : en observant, en \u00e9changeant, en exp\u00e9rimentant.<\/p>\n\n\n\n<h3 class=\"wp-block-heading\">Qu\u2019est-ce qui te motive le plus dans ta mission ?<\/h3>\n\n\n\n<p>L\u2019aspect inclusion totale. Que ce soit pour les personnes en situation de handicap ou via une communication accessible et lisible, je trouve important de faire attention \u00e0 chaque d\u00e9tail. On travaille beaucoup l\u00e0-dessus : polices adapt\u00e9es, contrastes, lisibilit\u00e9, accessibilit\u00e9 num\u00e9rique\u2026 C\u2019est un vrai engagement collectif.<\/p>\n\n\n\n<h3 class=\"wp-block-heading\">Quelle serait ta vision id\u00e9ale pour la com\u2019 d\u2019un festival 100 % \u00e9coresponsable ?<\/h3>\n\n\n\n<p>Dans un monde id\u00e9al, on r\u00e9ussirait \u00e0 r\u00e9duire drastiquement notre empreinte carbone. Mais la com\u2019 num\u00e9rique elle-m\u00eame pollue. On est dans un paradoxe : on ne peut pas ne pas communiquer, sinon le festival ne vivrait pas. Alors on cherche un \u00e9quilibre, et on \u00e9change beaucoup avec d\u2019autres festivals \u00e0 travers la FRACAMA pour s\u2019am\u00e9liorer.<\/p>\n\n\n\n<h3 class=\"wp-block-heading\">Quels temps forts souhaites-tu particuli\u00e8rement mettre en avant cette ann\u00e9e ?<\/h3>\n\n\n\n<p>Tout ce qui touche aux animations des 20 ans ! On a pens\u00e9 \u00e0 cr\u00e9er un souvenir par jour pour les festivaliers. Le show de la Color Wheels sur la prairie, le plateau TV des 20 ans, les tatouages \u00e9ph\u00e9m\u00e8res avec le nouveau sigle du festival (inspir\u00e9 \u00e0 la fois de l\u2019arc-en-ciel LGBTQIA+ et du symbole de l\u2019influence)\u2026 C\u2019est une ann\u00e9e de partage, de souvenirs et d\u2019\u00e9motion, pour les festivaliers comme pour les b\u00e9n\u00e9voles et partenaires historiques.<\/p>\n\n\n\n<div style=\"height:32px\" aria-hidden=\"true\" class=\"wp-block-spacer\"><\/div>\n\n\n\n<figure class=\"wp-block-image size-large\"><img loading=\"lazy\" decoding=\"async\" width=\"797\" height=\"1024\" src=\"https:\/\/www.terresduson.com\/live\/wp-content\/uploads\/2025\/07\/julie-2-797x1024.jpg\" alt=\"#TDS 20 ans\" class=\"wp-image-2702\" srcset=\"https:\/\/www.terresduson.com\/live\/wp-content\/uploads\/2025\/07\/julie-2-797x1024.jpg 797w, https:\/\/www.terresduson.com\/live\/wp-content\/uploads\/2025\/07\/julie-2-233x300.jpg 233w, https:\/\/www.terresduson.com\/live\/wp-content\/uploads\/2025\/07\/julie-2-768x987.jpg 768w, https:\/\/www.terresduson.com\/live\/wp-content\/uploads\/2025\/07\/julie-2.avif 1024w\" sizes=\"auto, (max-width: 797px) 100vw, 797px\" \/><\/figure>\n\n\n\n<p>Cr\u00e9dit photo: Lonashoot<\/p>\n\n\n\n<div style=\"height:32px\" aria-hidden=\"true\" class=\"wp-block-spacer\"><\/div>\n\n\n\n<h3 class=\"wp-block-heading\">Effectivement, on a vu que le festival s\u2019\u00e9tait offert un tout nouveau sigle pour ses 20 ans. Peux-tu nous en dire plus sur sa signification et sa cr\u00e9ation ?<\/h3>\n\n\n\n<p>Ce sigle, c\u2019est un peu notre nouveau rep\u00e8re visuel, pens\u00e9 pour \u00eatre intemporel et symbolique. Il a \u00e9t\u00e9 cr\u00e9\u00e9 par l\u2019agence Nouvelle Cuisine, avec qui on collabore pour l\u2019identit\u00e9 graphique du festival. L\u2019id\u00e9e, c\u2019\u00e9tait de r\u00e9sumer en une forme simple nos deux valeurs piliers :<\/p>\n\n\n\n<ul class=\"wp-block-list\">\n<li>Le D\u00e9veloppement durable (DD) repr\u00e9sent\u00e9 par la fleur\u00a0<\/li>\n\n\n\n<li>L\u2019inclusion, repr\u00e9sent\u00e9e par un arc-en-ciel, initialement d\u00e9clin\u00e9 avec les couleurs de la communaut\u00e9 LGBTQIA+ et aussi par un petit \u0153il en croissant de lune, presque comme un symbole de transmission ou d\u2019\u00e9nergie.<br><\/li>\n<\/ul>\n\n\n\n<p>On voulait un visuel qui puisse nous accompagner d\u2019ann\u00e9e en ann\u00e9e, au-del\u00e0 des 20 ans, et qui soit facile \u00e0 identifier, \u00e0 d\u00e9cliner, et m\u00eame \u00e0 porter ! Cette ann\u00e9e, les festivaliers peuvent par exemple se le faire poser en tatouage \u00e9ph\u00e9m\u00e8re \u00e0 la boutique du festival. C\u2019est une mani\u00e8re de s\u2019approprier l\u2019identit\u00e9 de Terres du Son, au-del\u00e0 de l\u2019affiche.<\/p>\n\n\n\n<h3 class=\"wp-block-heading\">Est-ce que ce travail au sein du festival t\u2019a chang\u00e9e personnellement ?<\/h3>\n\n\n\n<p>Oui, bien s\u00fbr. \u00c7a m\u2019a rendue encore plus attentive aux questions d\u2019accessibilit\u00e9, d\u2019inclusion, d\u2019\u00e9cologie, m\u00eame si j\u2019y \u00e9tais d\u00e9j\u00e0 sensible. Et \u00e0 l\u2019inverse, j\u2019esp\u00e8re aussi avoir apport\u00e9 ma pierre \u00e0 l\u2019\u00e9difice, en construisant des outils et des r\u00e9flexes de communication plus responsables, en \u00e9quipe.<\/p>\n\n\n\n<div style=\"height:32px\" aria-hidden=\"true\" class=\"wp-block-spacer\"><\/div>\n\n\n\n<figure class=\"wp-block-image size-large\"><img loading=\"lazy\" decoding=\"async\" width=\"682\" height=\"1024\" src=\"https:\/\/www.terresduson.com\/live\/wp-content\/uploads\/2025\/07\/julie-3-682x1024.jpg\" alt=\"\" class=\"wp-image-2703\" srcset=\"https:\/\/www.terresduson.com\/live\/wp-content\/uploads\/2025\/07\/julie-3-682x1024.jpg 682w, https:\/\/www.terresduson.com\/live\/wp-content\/uploads\/2025\/07\/julie-3-200x300.jpg 200w, https:\/\/www.terresduson.com\/live\/wp-content\/uploads\/2025\/07\/julie-3-768x1154.jpg 768w, https:\/\/www.terresduson.com\/live\/wp-content\/uploads\/2025\/07\/julie-3-1023x1536.jpg 1023w, https:\/\/www.terresduson.com\/live\/wp-content\/uploads\/2025\/07\/julie-3.avif 1024w\" sizes=\"auto, (max-width: 682px) 100vw, 682px\" \/><\/figure>\n","protected":false},"excerpt":{"rendered":"<p>Autrice : Aude O | Cr\u00e9dit photos : Lonashoot \/ Co. photographi Julie Morvant : \u00ab La communication, c\u2019est l\u2019\u00e9cho de l\u2019engagement du festival \u00bb \u00c0 l\u2019occasion de cette \u00e9dition anniversaire, Julie Morvant, charg\u00e9e de communication et des relations presse du festival Terres du Son, revient sur les coulisses de son m\u00e9tier, les engagements \u00e9cologiques [&hellip;]<\/p>\n","protected":false},"author":1,"featured_media":2704,"comment_status":"closed","ping_status":"closed","sticky":false,"template":"","format":"standard","meta":{"_acf_changed":false,"footnotes":""},"categories":[95,78,23,25],"tags":[],"class_list":["post-2700","post","type-post","status-publish","format-standard","has-post-thumbnail","hentry","category-cat","category-interview","category-jour","category-samedi"],"acf":[],"yoast_head":"<!-- This site is optimized with the Yoast SEO plugin v25.5 - https:\/\/yoast.com\/wordpress\/plugins\/seo\/ -->\n<title>Julie Morvant, la com&#039; de TDS - Gazette live - Festival Terres du son<\/title>\n<meta name=\"robots\" content=\"index, follow, max-snippet:-1, max-image-preview:large, max-video-preview:-1\" \/>\n<link rel=\"canonical\" href=\"https:\/\/www.terresduson.com\/live\/julie-morvant-la-com-de-tds\/\" \/>\n<meta property=\"og:locale\" content=\"fr_FR\" \/>\n<meta property=\"og:type\" content=\"article\" \/>\n<meta property=\"og:title\" content=\"Julie Morvant, la com&#039; de TDS - Gazette live - Festival Terres du son\" \/>\n<meta property=\"og:description\" content=\"Autrice : Aude O | Cr\u00e9dit photos : Lonashoot \/ Co. photographi Julie Morvant : \u00ab La communication, c\u2019est l\u2019\u00e9cho de l\u2019engagement du festival \u00bb \u00c0 l\u2019occasion de cette \u00e9dition anniversaire, Julie Morvant, charg\u00e9e de communication et des relations presse du festival Terres du Son, revient sur les coulisses de son m\u00e9tier, les engagements \u00e9cologiques [&hellip;]\" \/>\n<meta property=\"og:url\" content=\"https:\/\/www.terresduson.com\/live\/julie-morvant-la-com-de-tds\/\" \/>\n<meta property=\"og:site_name\" content=\"Gazette live - Festival Terres du son\" \/>\n<meta property=\"article:publisher\" content=\"https:\/\/www.facebook.com\/festivalterresduson\/\" \/>\n<meta property=\"article:published_time\" content=\"2025-07-14T14:15:14+00:00\" \/>\n<meta property=\"og:image\" content=\"https:\/\/www.terresduson.com\/live\/wp-content\/uploads\/2019\/07\/fb_tds2019w.jpg\" \/>\n\t<meta property=\"og:image:width\" content=\"1024\" \/>\n\t<meta property=\"og:image:height\" content=\"521\" \/>\n\t<meta property=\"og:image:type\" content=\"image\/jpeg\" \/>\n<meta name=\"author\" content=\"Ludovic Evelin\" \/>\n<meta name=\"twitter:card\" content=\"summary_large_image\" \/>\n<meta name=\"twitter:creator\" content=\"@Terres_du_Son\" \/>\n<meta name=\"twitter:site\" content=\"@Terres_du_Son\" \/>\n<meta name=\"twitter:label1\" content=\"\u00c9crit par\" \/>\n\t<meta name=\"twitter:data1\" content=\"Ludovic Evelin\" \/>\n\t<meta name=\"twitter:label2\" content=\"Dur\u00e9e de lecture estim\u00e9e\" \/>\n\t<meta name=\"twitter:data2\" content=\"6 minutes\" \/>\n<script type=\"application\/ld+json\" class=\"yoast-schema-graph\">{\"@context\":\"https:\/\/schema.org\",\"@graph\":[{\"@type\":\"Article\",\"@id\":\"https:\/\/www.terresduson.com\/live\/julie-morvant-la-com-de-tds\/#article\",\"isPartOf\":{\"@id\":\"https:\/\/www.terresduson.com\/live\/julie-morvant-la-com-de-tds\/\"},\"author\":{\"name\":\"Ludovic Evelin\",\"@id\":\"https:\/\/www.terresduson.com\/live\/#\/schema\/person\/d3e072cb1a1cc4d7ecf46056412e0e94\"},\"headline\":\"Julie Morvant, la com&rsquo; de TDS\",\"datePublished\":\"2025-07-14T14:15:14+00:00\",\"mainEntityOfPage\":{\"@id\":\"https:\/\/www.terresduson.com\/live\/julie-morvant-la-com-de-tds\/\"},\"wordCount\":998,\"publisher\":{\"@id\":\"https:\/\/www.terresduson.com\/live\/#organization\"},\"image\":{\"@id\":\"https:\/\/www.terresduson.com\/live\/julie-morvant-la-com-de-tds\/#primaryimage\"},\"thumbnailUrl\":\"https:\/\/www.terresduson.com\/live\/wp-content\/uploads\/2025\/07\/julie-min.avif\",\"articleSection\":[\"Cat\",\"Interview\",\"Jour\",\"Samedi\"],\"inLanguage\":\"fr-FR\"},{\"@type\":\"WebPage\",\"@id\":\"https:\/\/www.terresduson.com\/live\/julie-morvant-la-com-de-tds\/\",\"url\":\"https:\/\/www.terresduson.com\/live\/julie-morvant-la-com-de-tds\/\",\"name\":\"Julie Morvant, la com' de TDS - Gazette live - Festival Terres du son\",\"isPartOf\":{\"@id\":\"https:\/\/www.terresduson.com\/live\/#website\"},\"primaryImageOfPage\":{\"@id\":\"https:\/\/www.terresduson.com\/live\/julie-morvant-la-com-de-tds\/#primaryimage\"},\"image\":{\"@id\":\"https:\/\/www.terresduson.com\/live\/julie-morvant-la-com-de-tds\/#primaryimage\"},\"thumbnailUrl\":\"https:\/\/www.terresduson.com\/live\/wp-content\/uploads\/2025\/07\/julie-min.avif\",\"datePublished\":\"2025-07-14T14:15:14+00:00\",\"breadcrumb\":{\"@id\":\"https:\/\/www.terresduson.com\/live\/julie-morvant-la-com-de-tds\/#breadcrumb\"},\"inLanguage\":\"fr-FR\",\"potentialAction\":[{\"@type\":\"ReadAction\",\"target\":[\"https:\/\/www.terresduson.com\/live\/julie-morvant-la-com-de-tds\/\"]}]},{\"@type\":\"ImageObject\",\"inLanguage\":\"fr-FR\",\"@id\":\"https:\/\/www.terresduson.com\/live\/julie-morvant-la-com-de-tds\/#primaryimage\",\"url\":\"https:\/\/www.terresduson.com\/live\/wp-content\/uploads\/2025\/07\/julie-min.avif\",\"contentUrl\":\"https:\/\/www.terresduson.com\/live\/wp-content\/uploads\/2025\/07\/julie-min.avif\",\"width\":800,\"height\":631,\"caption\":\"Julie Morvant\"},{\"@type\":\"BreadcrumbList\",\"@id\":\"https:\/\/www.terresduson.com\/live\/julie-morvant-la-com-de-tds\/#breadcrumb\",\"itemListElement\":[{\"@type\":\"ListItem\",\"position\":1,\"name\":\"Accueil\",\"item\":\"https:\/\/www.terresduson.com\/live\/\"},{\"@type\":\"ListItem\",\"position\":2,\"name\":\"Julie Morvant, la com&rsquo; de TDS\"}]},{\"@type\":\"WebSite\",\"@id\":\"https:\/\/www.terresduson.com\/live\/#website\",\"url\":\"https:\/\/www.terresduson.com\/live\/\",\"name\":\"Gazette live - Festival Terres du son\",\"description\":\"11, 12, 13 juillet 2025\",\"publisher\":{\"@id\":\"https:\/\/www.terresduson.com\/live\/#organization\"},\"potentialAction\":[{\"@type\":\"SearchAction\",\"target\":{\"@type\":\"EntryPoint\",\"urlTemplate\":\"https:\/\/www.terresduson.com\/live\/?s={search_term_string}\"},\"query-input\":{\"@type\":\"PropertyValueSpecification\",\"valueRequired\":true,\"valueName\":\"search_term_string\"}}],\"inLanguage\":\"fr-FR\"},{\"@type\":\"Organization\",\"@id\":\"https:\/\/www.terresduson.com\/live\/#organization\",\"name\":\"Terres du son\",\"url\":\"https:\/\/www.terresduson.com\/live\/\",\"logo\":{\"@type\":\"ImageObject\",\"inLanguage\":\"fr-FR\",\"@id\":\"https:\/\/www.terresduson.com\/live\/#\/schema\/logo\/image\/\",\"url\":\"https:\/\/www.terresduson.com\/live\/wp-content\/uploads\/2018\/07\/bandeau_tds_live.png\",\"contentUrl\":\"https:\/\/www.terresduson.com\/live\/wp-content\/uploads\/2018\/07\/bandeau_tds_live.png\",\"width\":1024,\"height\":500,\"caption\":\"Terres du son\"},\"image\":{\"@id\":\"https:\/\/www.terresduson.com\/live\/#\/schema\/logo\/image\/\"},\"sameAs\":[\"https:\/\/www.facebook.com\/festivalterresduson\/\",\"https:\/\/x.com\/Terres_du_Son\",\"https:\/\/www.instagram.com\/terresduson\/\",\"https:\/\/www.youtube.com\/channel\/UCugRO-2-oo70oC9mf2iHWMA\"]},{\"@type\":\"Person\",\"@id\":\"https:\/\/www.terresduson.com\/live\/#\/schema\/person\/d3e072cb1a1cc4d7ecf46056412e0e94\",\"name\":\"Ludovic Evelin\",\"image\":{\"@type\":\"ImageObject\",\"inLanguage\":\"fr-FR\",\"@id\":\"https:\/\/www.terresduson.com\/live\/#\/schema\/person\/image\/\",\"url\":\"https:\/\/secure.gravatar.com\/avatar\/84f754c34def02a65d67b21b964ec99e47424cef21eb7a1dc47023fab4424834?s=96&d=mm&r=g\",\"contentUrl\":\"https:\/\/secure.gravatar.com\/avatar\/84f754c34def02a65d67b21b964ec99e47424cef21eb7a1dc47023fab4424834?s=96&d=mm&r=g\",\"caption\":\"Ludovic Evelin\"},\"url\":\"https:\/\/www.terresduson.com\/live\/author\/ludo\/\"}]}<\/script>\n<!-- \/ Yoast SEO plugin. -->","yoast_head_json":{"title":"Julie Morvant, la com' de TDS - Gazette live - Festival Terres du son","robots":{"index":"index","follow":"follow","max-snippet":"max-snippet:-1","max-image-preview":"max-image-preview:large","max-video-preview":"max-video-preview:-1"},"canonical":"https:\/\/www.terresduson.com\/live\/julie-morvant-la-com-de-tds\/","og_locale":"fr_FR","og_type":"article","og_title":"Julie Morvant, la com' de TDS - Gazette live - Festival Terres du son","og_description":"Autrice : Aude O | Cr\u00e9dit photos : Lonashoot \/ Co. photographi Julie Morvant : \u00ab La communication, c\u2019est l\u2019\u00e9cho de l\u2019engagement du festival \u00bb \u00c0 l\u2019occasion de cette \u00e9dition anniversaire, Julie Morvant, charg\u00e9e de communication et des relations presse du festival Terres du Son, revient sur les coulisses de son m\u00e9tier, les engagements \u00e9cologiques [&hellip;]","og_url":"https:\/\/www.terresduson.com\/live\/julie-morvant-la-com-de-tds\/","og_site_name":"Gazette live - Festival Terres du son","article_publisher":"https:\/\/www.facebook.com\/festivalterresduson\/","article_published_time":"2025-07-14T14:15:14+00:00","og_image":[{"width":1024,"height":521,"url":"https:\/\/www.terresduson.com\/live\/wp-content\/uploads\/2019\/07\/fb_tds2019w.jpg","type":"image\/jpeg"}],"author":"Ludovic Evelin","twitter_card":"summary_large_image","twitter_creator":"@Terres_du_Son","twitter_site":"@Terres_du_Son","twitter_misc":{"\u00c9crit par":"Ludovic Evelin","Dur\u00e9e de lecture estim\u00e9e":"6 minutes"},"schema":{"@context":"https:\/\/schema.org","@graph":[{"@type":"Article","@id":"https:\/\/www.terresduson.com\/live\/julie-morvant-la-com-de-tds\/#article","isPartOf":{"@id":"https:\/\/www.terresduson.com\/live\/julie-morvant-la-com-de-tds\/"},"author":{"name":"Ludovic Evelin","@id":"https:\/\/www.terresduson.com\/live\/#\/schema\/person\/d3e072cb1a1cc4d7ecf46056412e0e94"},"headline":"Julie Morvant, la com&rsquo; de TDS","datePublished":"2025-07-14T14:15:14+00:00","mainEntityOfPage":{"@id":"https:\/\/www.terresduson.com\/live\/julie-morvant-la-com-de-tds\/"},"wordCount":998,"publisher":{"@id":"https:\/\/www.terresduson.com\/live\/#organization"},"image":{"@id":"https:\/\/www.terresduson.com\/live\/julie-morvant-la-com-de-tds\/#primaryimage"},"thumbnailUrl":"https:\/\/www.terresduson.com\/live\/wp-content\/uploads\/2025\/07\/julie-min.avif","articleSection":["Cat","Interview","Jour","Samedi"],"inLanguage":"fr-FR"},{"@type":"WebPage","@id":"https:\/\/www.terresduson.com\/live\/julie-morvant-la-com-de-tds\/","url":"https:\/\/www.terresduson.com\/live\/julie-morvant-la-com-de-tds\/","name":"Julie Morvant, la com' de TDS - Gazette live - Festival Terres du son","isPartOf":{"@id":"https:\/\/www.terresduson.com\/live\/#website"},"primaryImageOfPage":{"@id":"https:\/\/www.terresduson.com\/live\/julie-morvant-la-com-de-tds\/#primaryimage"},"image":{"@id":"https:\/\/www.terresduson.com\/live\/julie-morvant-la-com-de-tds\/#primaryimage"},"thumbnailUrl":"https:\/\/www.terresduson.com\/live\/wp-content\/uploads\/2025\/07\/julie-min.avif","datePublished":"2025-07-14T14:15:14+00:00","breadcrumb":{"@id":"https:\/\/www.terresduson.com\/live\/julie-morvant-la-com-de-tds\/#breadcrumb"},"inLanguage":"fr-FR","potentialAction":[{"@type":"ReadAction","target":["https:\/\/www.terresduson.com\/live\/julie-morvant-la-com-de-tds\/"]}]},{"@type":"ImageObject","inLanguage":"fr-FR","@id":"https:\/\/www.terresduson.com\/live\/julie-morvant-la-com-de-tds\/#primaryimage","url":"https:\/\/www.terresduson.com\/live\/wp-content\/uploads\/2025\/07\/julie-min.avif","contentUrl":"https:\/\/www.terresduson.com\/live\/wp-content\/uploads\/2025\/07\/julie-min.avif","width":800,"height":631,"caption":"Julie Morvant"},{"@type":"BreadcrumbList","@id":"https:\/\/www.terresduson.com\/live\/julie-morvant-la-com-de-tds\/#breadcrumb","itemListElement":[{"@type":"ListItem","position":1,"name":"Accueil","item":"https:\/\/www.terresduson.com\/live\/"},{"@type":"ListItem","position":2,"name":"Julie Morvant, la com&rsquo; de TDS"}]},{"@type":"WebSite","@id":"https:\/\/www.terresduson.com\/live\/#website","url":"https:\/\/www.terresduson.com\/live\/","name":"Gazette live - Festival Terres du son","description":"11, 12, 13 juillet 2025","publisher":{"@id":"https:\/\/www.terresduson.com\/live\/#organization"},"potentialAction":[{"@type":"SearchAction","target":{"@type":"EntryPoint","urlTemplate":"https:\/\/www.terresduson.com\/live\/?s={search_term_string}"},"query-input":{"@type":"PropertyValueSpecification","valueRequired":true,"valueName":"search_term_string"}}],"inLanguage":"fr-FR"},{"@type":"Organization","@id":"https:\/\/www.terresduson.com\/live\/#organization","name":"Terres du son","url":"https:\/\/www.terresduson.com\/live\/","logo":{"@type":"ImageObject","inLanguage":"fr-FR","@id":"https:\/\/www.terresduson.com\/live\/#\/schema\/logo\/image\/","url":"https:\/\/www.terresduson.com\/live\/wp-content\/uploads\/2018\/07\/bandeau_tds_live.png","contentUrl":"https:\/\/www.terresduson.com\/live\/wp-content\/uploads\/2018\/07\/bandeau_tds_live.png","width":1024,"height":500,"caption":"Terres du son"},"image":{"@id":"https:\/\/www.terresduson.com\/live\/#\/schema\/logo\/image\/"},"sameAs":["https:\/\/www.facebook.com\/festivalterresduson\/","https:\/\/x.com\/Terres_du_Son","https:\/\/www.instagram.com\/terresduson\/","https:\/\/www.youtube.com\/channel\/UCugRO-2-oo70oC9mf2iHWMA"]},{"@type":"Person","@id":"https:\/\/www.terresduson.com\/live\/#\/schema\/person\/d3e072cb1a1cc4d7ecf46056412e0e94","name":"Ludovic Evelin","image":{"@type":"ImageObject","inLanguage":"fr-FR","@id":"https:\/\/www.terresduson.com\/live\/#\/schema\/person\/image\/","url":"https:\/\/secure.gravatar.com\/avatar\/84f754c34def02a65d67b21b964ec99e47424cef21eb7a1dc47023fab4424834?s=96&d=mm&r=g","contentUrl":"https:\/\/secure.gravatar.com\/avatar\/84f754c34def02a65d67b21b964ec99e47424cef21eb7a1dc47023fab4424834?s=96&d=mm&r=g","caption":"Ludovic Evelin"},"url":"https:\/\/www.terresduson.com\/live\/author\/ludo\/"}]}},"_links":{"self":[{"href":"https:\/\/www.terresduson.com\/live\/wp-json\/wp\/v2\/posts\/2700","targetHints":{"allow":["GET"]}}],"collection":[{"href":"https:\/\/www.terresduson.com\/live\/wp-json\/wp\/v2\/posts"}],"about":[{"href":"https:\/\/www.terresduson.com\/live\/wp-json\/wp\/v2\/types\/post"}],"author":[{"embeddable":true,"href":"https:\/\/www.terresduson.com\/live\/wp-json\/wp\/v2\/users\/1"}],"replies":[{"embeddable":true,"href":"https:\/\/www.terresduson.com\/live\/wp-json\/wp\/v2\/comments?post=2700"}],"version-history":[{"count":1,"href":"https:\/\/www.terresduson.com\/live\/wp-json\/wp\/v2\/posts\/2700\/revisions"}],"predecessor-version":[{"id":2705,"href":"https:\/\/www.terresduson.com\/live\/wp-json\/wp\/v2\/posts\/2700\/revisions\/2705"}],"wp:featuredmedia":[{"embeddable":true,"href":"https:\/\/www.terresduson.com\/live\/wp-json\/wp\/v2\/media\/2704"}],"wp:attachment":[{"href":"https:\/\/www.terresduson.com\/live\/wp-json\/wp\/v2\/media?parent=2700"}],"wp:term":[{"taxonomy":"category","embeddable":true,"href":"https:\/\/www.terresduson.com\/live\/wp-json\/wp\/v2\/categories?post=2700"},{"taxonomy":"post_tag","embeddable":true,"href":"https:\/\/www.terresduson.com\/live\/wp-json\/wp\/v2\/tags?post=2700"}],"curies":[{"name":"wp","href":"https:\/\/api.w.org\/{rel}","templated":true}]}}