{"id":2676,"date":"2025-07-14T12:35:22","date_gmt":"2025-07-14T10:35:22","guid":{"rendered":"https:\/\/www.terresduson.com\/live\/?p=2676"},"modified":"2025-07-14T12:38:25","modified_gmt":"2025-07-14T10:38:25","slug":"deja-la-fin","status":"publish","type":"post","link":"https:\/\/www.terresduson.com\/live\/deja-la-fin\/","title":{"rendered":"D\u00e9j\u00e0 la fin\u2026"},"content":{"rendered":"\n<p>Autrice : Diphy | Cr\u00e9dits photos : Lonashoot, Antoine Lavergne, Chlo\u00e9 Viratelle<\/p>\n\n\n\n<div style=\"height:32px\" aria-hidden=\"true\" class=\"wp-block-spacer\"><\/div>\n\n\n\n<figure class=\"wp-block-image size-large\"><img loading=\"lazy\" decoding=\"async\" width=\"1024\" height=\"674\" src=\"https:\/\/www.terresduson.com\/live\/wp-content\/uploads\/2025\/07\/deja-fin-1-1024x674.jpg\" alt=\"\" class=\"wp-image-2677\" srcset=\"https:\/\/www.terresduson.com\/live\/wp-content\/uploads\/2025\/07\/deja-fin-1-1024x674.jpg 1024w, https:\/\/www.terresduson.com\/live\/wp-content\/uploads\/2025\/07\/deja-fin-1-300x198.jpg 300w, https:\/\/www.terresduson.com\/live\/wp-content\/uploads\/2025\/07\/deja-fin-1-768x506.jpg 768w, https:\/\/www.terresduson.com\/live\/wp-content\/uploads\/2025\/07\/deja-fin-1.avif 1280w\" sizes=\"auto, (max-width: 1024px) 100vw, 1024px\" \/><\/figure>\n\n\n\n<p>Cr\u00e9dit photo : Lonashoot<\/p>\n\n\n\n<div style=\"height:32px\" aria-hidden=\"true\" class=\"wp-block-spacer\"><\/div>\n\n\n\n<p>Nos 20 ans touchent \u00e0 leur fin, le week-end est pass\u00e9 bien trop vite \u00e0 vos c\u00f4t\u00e9s\u2026 Vous avez pu profiter de tous vos artistes favoris ? Manger \u00e0 votre faim et profiter de toutes nos animations ? Allez, petit tour d&rsquo;horizon de ces 3 jours remplis d&rsquo;\u00e9motions et de surprises!<br><\/p>\n\n\n\n<div style=\"height:32px\" aria-hidden=\"true\" class=\"wp-block-spacer\"><\/div>\n\n\n\n<figure class=\"wp-block-image size-large\"><img loading=\"lazy\" decoding=\"async\" width=\"1024\" height=\"814\" src=\"https:\/\/www.terresduson.com\/live\/wp-content\/uploads\/2025\/07\/deja-fin-2-1024x814.jpg\" alt=\"\" class=\"wp-image-2678\" srcset=\"https:\/\/www.terresduson.com\/live\/wp-content\/uploads\/2025\/07\/deja-fin-2-1024x814.jpg 1024w, https:\/\/www.terresduson.com\/live\/wp-content\/uploads\/2025\/07\/deja-fin-2-300x239.jpg 300w, https:\/\/www.terresduson.com\/live\/wp-content\/uploads\/2025\/07\/deja-fin-2-768x611.jpg 768w, https:\/\/www.terresduson.com\/live\/wp-content\/uploads\/2025\/07\/deja-fin-2.avif 1280w\" sizes=\"auto, (max-width: 1024px) 100vw, 1024px\" \/><\/figure>\n\n\n\n<p>Cr\u00e9dit photo : Antoine Lavergne<\/p>\n\n\n\n<div style=\"height:32px\" aria-hidden=\"true\" class=\"wp-block-spacer\"><\/div>\n\n\n\n<p>20 ans, c&rsquo;est un \u00e2ge important. Nous avons eu le plaisir d&rsquo;accueillir beaucoup d&rsquo;artistes cette ann\u00e9e encore, certain.e.s nous ayant fait l&rsquo;honneur de revenir apr\u00e8s une longue absence.&nbsp;<\/p>\n\n\n\n<p>La sc\u00e8ne Gingko-Biloba a accueilli du beau monde pour cette \u00e9dition 2025. Yuri Buenaventura vous a invit\u00e9 \u00e0 danser sur son show de salsa vendredi, 20 ans apr\u00e8s \u00eatre pass\u00e9 au festival ; et oui, il \u00e9tait l\u00e0 pour notre premi\u00e8re fois! Vous \u00e9tiez tr\u00e8s nombreux\u00b7ses \u00e0 attendre Damso, et vous ne nous avez pas d\u00e9\u00e7u ; \u00c9tienne de Cr\u00e9cy est revenu vous pr\u00e9senter son nouveau set live, et vous avez r\u00e9pondu pr\u00e9sent\u00b7e\u00b7s jusqu&rsquo;au bout de la nuit. Helldebert a ravi les enfants et rajeunit les plus grand.e.s \u00e0 l&rsquo;ouverture du samedi, avant de laisser sa place \u00e0 Philippe Katerine et ses nombreux costumes pour la suite de la soir\u00e9e. Clara Luciani vous a ouvert son c\u0153ur et vous y avez mis tout le v\u00f4tre pour chanter ses m\u00e9lodies, avant de vous laisser emporter dans l&rsquo;univers \u00e9lectro-orchestral de Worakls et ses talentueux.ses musicien.ne.s. Dimanche, vous avez pu commencer votre journ\u00e9e avec les rythmes et paroles du groupe Danakil, avant de vous faire attraper par Lamomali qui n\u2019aura pas manqu\u00e9 de vous faire danser. Chinese Man aura cl\u00f4tur\u00e9 la grande sc\u00e8ne cette ann\u00e9e pour mettre l&rsquo;ambiance et accompagner la fermeture de Gingko-Biloba.<\/p>\n\n\n\n<p>On parle beaucoup de la grande sc\u00e8ne, mais sa petite s\u0153ur Propul\u2019son n&rsquo;est certainement pas rest\u00e9e en reste ! Beaucoup d&rsquo;artistes de la r\u00e9gion ont perform\u00e9 cette ann\u00e9e encore, en passant par tous les styles : OCTC, La Ruda, Jasmine Not Jafar, Radio Byzance\u2026 On a aussi eu des artistes \u201dd&rsquo;ailleurs\u201d, d&rsquo;aussi loin que la Suisse samedi avec Vendredi sur Mer! On a pu compter sur Emma Peters et sa pop m\u00e9lodique, Perceval et sa techno m\u00e9di\u00e9vale, Carbonne et ses douces paroles, Herv\u00e9 et son \u00e9nergie sc\u00e9nique\u2026 ainsi que Caravan Palace, groupe d&rsquo;ici et d&rsquo;ailleurs, que vous aviez du mal \u00e0 l\u00e2cher samedi soir!<\/p>\n\n\n\n<p>Le Chapiteau est rest\u00e9 chaud chaud chaud pendant ces trois jours ! On est pass\u00e9.e.s par tous les styles, toutes les \u00e9nergies, mais pas un seul moment de r\u00e9pit. Vendredi, Goliath a ouvert le bal tout en po\u00e9sie, et se sont encha\u00een\u00e9.e.s Youssef Swatt\u2019s et ses textes engag\u00e9s, Kalakuta Sound System avec leur voiture modifi\u00e9e en sound system, Benin International Musical qui vous a montr\u00e9 comment on groove ; Th\u00e9a a cl\u00f4tur\u00e9 ce premier soir avec un show rock explosif qui a fait monter la temp\u00e9rature de quelques degr\u00e9s! Samedi, vous n\u2019avez pas pu louper Sambistas da Fran\u00e7a et leurs 190 musicien.ne.s sur la Prairie, suivi.e.s de Tigre Bleu qui vous ont fait vibrer. Komodrag &amp; the Mounodor vous ont ramen\u00e9.e.s dans les ann\u00e9es psych\u00e9, et Angle Mort &amp; Clignotant ont fait un arr\u00eat \u00e0 Tours pour un Tour de France\u2026 \u00e0 leur fa\u00e7on. Dimanche, c&rsquo;est Common Insight et leur folk qui a lanc\u00e9 les festivit\u00e9s, avant que St Graal ne prenne la rel\u00e8ve tout en amour et vous conte ses extraordinaires histoires. Supa Mana, avec ses visuels et ses sons envo\u00fbtants vous a pris par la main pour vous emmener ensuite d\u00e9couvrir Jael qui a continu\u00e9 la soir\u00e9e, avant de finir ce festival au Chapiteau avec un Michel Hubert costum\u00e9 qui vous a fait danser une derni\u00e8re fois.<\/p>\n\n\n\n<div style=\"height:32px\" aria-hidden=\"true\" class=\"wp-block-spacer\"><\/div>\n\n\n\n<figure class=\"wp-block-image size-large\"><img loading=\"lazy\" decoding=\"async\" width=\"1024\" height=\"680\" src=\"https:\/\/www.terresduson.com\/live\/wp-content\/uploads\/2025\/07\/deja-fin-3-1024x680.jpg\" alt=\"\" class=\"wp-image-2679\" srcset=\"https:\/\/www.terresduson.com\/live\/wp-content\/uploads\/2025\/07\/deja-fin-3-1024x680.jpg 1024w, https:\/\/www.terresduson.com\/live\/wp-content\/uploads\/2025\/07\/deja-fin-3-300x199.jpg 300w, https:\/\/www.terresduson.com\/live\/wp-content\/uploads\/2025\/07\/deja-fin-3-768x510.jpg 768w, https:\/\/www.terresduson.com\/live\/wp-content\/uploads\/2025\/07\/deja-fin-3.avif 1280w\" sizes=\"auto, (max-width: 1024px) 100vw, 1024px\" \/><\/figure>\n\n\n\n<p>Cr\u00e9dit photo : Chlo\u00e9 Viratelle<\/p>\n\n\n\n<div style=\"height:32px\" aria-hidden=\"true\" class=\"wp-block-spacer\"><\/div>\n\n\n\n<p>Bien s\u00fbr, on esp\u00e8re que vous avez appr\u00e9ci\u00e9 et profit\u00e9 de nos surprises d\u2019anniversaire, que ce soit sur l\u2019\u00c9co-Village ou la Prairie.<\/p>\n\n\n\n<p>Gr\u00e2ce au Th\u00e9\u00e2tre du Sous-Sol, vous avez pu commencer vos journ\u00e9es au camping de bonne humeur, avec un room service 5 \u00e9toiles. Le Naze Broc Circus, animation culte du festival il y a 10 ans, vous a invit\u00e9 \u00e0 vous amuser devant ses repr\u00e9sentations circassiennes qui rythmaient l\u2019\u00c9co-Village tout le long du weekend, et Camille, violoncelliste, a jou\u00e9 \u00e0 cache-cache sur les deux sites pour vous faire passer un moment un peu plus calme entre deux concerts endiabl\u00e9s.<\/p>\n\n\n\n<p>On a d\u00e9cid\u00e9 de faire un retour dans le pass\u00e9 avec la piste Rookie Roller Dancing, install\u00e9e sur le terrain de la F\u00eate \u00e0 Toto. Et pour les moins casse-cous d&rsquo;entre vous, leur \u00e9quipe pour le moins insolite vous a propos\u00e9 une v\u00e9ritable f\u00eate foraine en plein c\u0153ur de la Prairie, avec la traditionnelle mailloche et le jeu d&rsquo;adresse de la Bomba. On attend aussi de voir les superbes photos que vous avez prises sur la mobylette de Dylan Demamob !<\/p>\n\n\n\n<p>Vous avez pu suivre la TV des 20 ans en live tout le week-end, et regarder des showcases, des interviews d\u2019artistes, des jeux, d\u00e9couvrir des associations pr\u00e9sentes sur le festival. Vous avez pu y raconter vos souvenirs et vos anecdotes au festival Terres du Son, aussi r\u00e9cents ou vieux soient-ils, et on a \u00e9t\u00e9 tr\u00e8s heureux\u00b7ses de vous recevoir.<\/p>\n\n\n\n<p>Pour vous en mettre plein les yeux une derni\u00e8re fois, les danseurs\u00b7euse\u00b7s de Color Wheels ont illumin\u00e9 la fin de soir\u00e9e et du festival avec leurs grandes roues hautes en couleur, et nous ont permis de cl\u00f4turer cet anniversaire en beaut\u00e9 avec de beaux feux d&rsquo;artifice.<\/p>\n\n\n\n<div style=\"height:32px\" aria-hidden=\"true\" class=\"wp-block-spacer\"><\/div>\n\n\n\n<figure class=\"wp-block-image size-large\"><img loading=\"lazy\" decoding=\"async\" width=\"1024\" height=\"677\" src=\"https:\/\/www.terresduson.com\/live\/wp-content\/uploads\/2025\/07\/deja-fin-4-1024x677.jpg\" alt=\"\" class=\"wp-image-2680\" srcset=\"https:\/\/www.terresduson.com\/live\/wp-content\/uploads\/2025\/07\/deja-fin-4-1024x677.jpg 1024w, https:\/\/www.terresduson.com\/live\/wp-content\/uploads\/2025\/07\/deja-fin-4-300x198.jpg 300w, https:\/\/www.terresduson.com\/live\/wp-content\/uploads\/2025\/07\/deja-fin-4-768x507.jpg 768w, https:\/\/www.terresduson.com\/live\/wp-content\/uploads\/2025\/07\/deja-fin-4.avif 1276w\" sizes=\"auto, (max-width: 1024px) 100vw, 1024px\" \/><\/figure>\n\n\n\n<p>Cr\u00e9dit photo : Chlo\u00e9 Viratelle<\/p>\n\n\n\n<div style=\"height:32px\" aria-hidden=\"true\" class=\"wp-block-spacer\"><\/div>\n\n\n\n<p>Vous avez encore \u00e9t\u00e9 nombreux.ses cette ann\u00e9e, et c\u2019\u00e9tait un plaisir de vous accueillir pour f\u00eater nos 20 ans de la meilleure mani\u00e8re possible : ensemble et en musique! C\u2019est ainsi que se cl\u00f4ture la formidable \u00e9pop\u00e9e des 20 ans de Terres du Son, et on a d\u00e9j\u00e0 h\u00e2te de vous retrouver l&rsquo;ann\u00e9e prochaine.<\/p>\n\n\n\n<p class=\"has-large-font-size\">Un grand merci \u00e0 vous !<\/p>\n","protected":false},"excerpt":{"rendered":"<p>Autrice : Diphy | Cr\u00e9dits photos : Lonashoot, Antoine Lavergne, Chlo\u00e9 Viratelle Cr\u00e9dit photo : Lonashoot Nos 20 ans touchent \u00e0 leur fin, le week-end est pass\u00e9 bien trop vite \u00e0 vos c\u00f4t\u00e9s\u2026 Vous avez pu profiter de tous vos artistes favoris ? Manger \u00e0 votre faim et profiter de toutes nos animations ? Allez, [&hellip;]<\/p>\n","protected":false},"author":1,"featured_media":2681,"comment_status":"closed","ping_status":"closed","sticky":false,"template":"","format":"standard","meta":{"_acf_changed":false,"footnotes":""},"categories":[13,95,26,23],"tags":[],"class_list":["post-2676","post","type-post","status-publish","format-standard","has-post-thumbnail","hentry","category-articles","category-cat","category-dimanche","category-jour"],"acf":[],"yoast_head":"<!-- This site is optimized with the Yoast SEO plugin v25.5 - https:\/\/yoast.com\/wordpress\/plugins\/seo\/ -->\n<title>D\u00e9j\u00e0 la fin\u2026 - Gazette live - Festival Terres du son<\/title>\n<meta name=\"robots\" content=\"index, follow, max-snippet:-1, max-image-preview:large, max-video-preview:-1\" \/>\n<link rel=\"canonical\" href=\"https:\/\/www.terresduson.com\/live\/deja-la-fin\/\" \/>\n<meta property=\"og:locale\" content=\"fr_FR\" \/>\n<meta property=\"og:type\" content=\"article\" \/>\n<meta property=\"og:title\" content=\"D\u00e9j\u00e0 la fin\u2026 - Gazette live - Festival Terres du son\" \/>\n<meta property=\"og:description\" content=\"Autrice : Diphy | Cr\u00e9dits photos : Lonashoot, Antoine Lavergne, Chlo\u00e9 Viratelle Cr\u00e9dit photo : Lonashoot Nos 20 ans touchent \u00e0 leur fin, le week-end est pass\u00e9 bien trop vite \u00e0 vos c\u00f4t\u00e9s\u2026 Vous avez pu profiter de tous vos artistes favoris ? Manger \u00e0 votre faim et profiter de toutes nos animations ? Allez, [&hellip;]\" \/>\n<meta property=\"og:url\" content=\"https:\/\/www.terresduson.com\/live\/deja-la-fin\/\" \/>\n<meta property=\"og:site_name\" content=\"Gazette live - Festival Terres du son\" \/>\n<meta property=\"article:publisher\" content=\"https:\/\/www.facebook.com\/festivalterresduson\/\" \/>\n<meta property=\"article:published_time\" content=\"2025-07-14T10:35:22+00:00\" \/>\n<meta property=\"article:modified_time\" content=\"2025-07-14T10:38:25+00:00\" \/>\n<meta property=\"og:image\" content=\"https:\/\/www.terresduson.com\/live\/wp-content\/uploads\/2019\/07\/fb_tds2019w.jpg\" \/>\n\t<meta property=\"og:image:width\" content=\"1024\" \/>\n\t<meta property=\"og:image:height\" content=\"521\" \/>\n\t<meta property=\"og:image:type\" content=\"image\/jpeg\" \/>\n<meta name=\"author\" content=\"Ludovic Evelin\" \/>\n<meta name=\"twitter:card\" content=\"summary_large_image\" \/>\n<meta name=\"twitter:creator\" content=\"@Terres_du_Son\" \/>\n<meta name=\"twitter:site\" content=\"@Terres_du_Son\" \/>\n<meta name=\"twitter:label1\" content=\"\u00c9crit par\" \/>\n\t<meta name=\"twitter:data1\" content=\"Ludovic Evelin\" \/>\n\t<meta name=\"twitter:label2\" content=\"Dur\u00e9e de lecture estim\u00e9e\" \/>\n\t<meta name=\"twitter:data2\" content=\"6 minutes\" \/>\n<script type=\"application\/ld+json\" class=\"yoast-schema-graph\">{\"@context\":\"https:\/\/schema.org\",\"@graph\":[{\"@type\":\"Article\",\"@id\":\"https:\/\/www.terresduson.com\/live\/deja-la-fin\/#article\",\"isPartOf\":{\"@id\":\"https:\/\/www.terresduson.com\/live\/deja-la-fin\/\"},\"author\":{\"name\":\"Ludovic Evelin\",\"@id\":\"https:\/\/www.terresduson.com\/live\/#\/schema\/person\/d3e072cb1a1cc4d7ecf46056412e0e94\"},\"headline\":\"D\u00e9j\u00e0 la fin\u2026\",\"datePublished\":\"2025-07-14T10:35:22+00:00\",\"dateModified\":\"2025-07-14T10:38:25+00:00\",\"mainEntityOfPage\":{\"@id\":\"https:\/\/www.terresduson.com\/live\/deja-la-fin\/\"},\"wordCount\":1071,\"publisher\":{\"@id\":\"https:\/\/www.terresduson.com\/live\/#organization\"},\"image\":{\"@id\":\"https:\/\/www.terresduson.com\/live\/deja-la-fin\/#primaryimage\"},\"thumbnailUrl\":\"https:\/\/www.terresduson.com\/live\/wp-content\/uploads\/2025\/07\/deja-fin-min.avif\",\"articleSection\":[\"Articles\",\"Cat\",\"Dimanche\",\"Jour\"],\"inLanguage\":\"fr-FR\"},{\"@type\":\"WebPage\",\"@id\":\"https:\/\/www.terresduson.com\/live\/deja-la-fin\/\",\"url\":\"https:\/\/www.terresduson.com\/live\/deja-la-fin\/\",\"name\":\"D\u00e9j\u00e0 la fin\u2026 - Gazette live - Festival Terres du son\",\"isPartOf\":{\"@id\":\"https:\/\/www.terresduson.com\/live\/#website\"},\"primaryImageOfPage\":{\"@id\":\"https:\/\/www.terresduson.com\/live\/deja-la-fin\/#primaryimage\"},\"image\":{\"@id\":\"https:\/\/www.terresduson.com\/live\/deja-la-fin\/#primaryimage\"},\"thumbnailUrl\":\"https:\/\/www.terresduson.com\/live\/wp-content\/uploads\/2025\/07\/deja-fin-min.avif\",\"datePublished\":\"2025-07-14T10:35:22+00:00\",\"dateModified\":\"2025-07-14T10:38:25+00:00\",\"breadcrumb\":{\"@id\":\"https:\/\/www.terresduson.com\/live\/deja-la-fin\/#breadcrumb\"},\"inLanguage\":\"fr-FR\",\"potentialAction\":[{\"@type\":\"ReadAction\",\"target\":[\"https:\/\/www.terresduson.com\/live\/deja-la-fin\/\"]}]},{\"@type\":\"ImageObject\",\"inLanguage\":\"fr-FR\",\"@id\":\"https:\/\/www.terresduson.com\/live\/deja-la-fin\/#primaryimage\",\"url\":\"https:\/\/www.terresduson.com\/live\/wp-content\/uploads\/2025\/07\/deja-fin-min.avif\",\"contentUrl\":\"https:\/\/www.terresduson.com\/live\/wp-content\/uploads\/2025\/07\/deja-fin-min.avif\",\"width\":800,\"height\":606},{\"@type\":\"BreadcrumbList\",\"@id\":\"https:\/\/www.terresduson.com\/live\/deja-la-fin\/#breadcrumb\",\"itemListElement\":[{\"@type\":\"ListItem\",\"position\":1,\"name\":\"Accueil\",\"item\":\"https:\/\/www.terresduson.com\/live\/\"},{\"@type\":\"ListItem\",\"position\":2,\"name\":\"D\u00e9j\u00e0 la fin\u2026\"}]},{\"@type\":\"WebSite\",\"@id\":\"https:\/\/www.terresduson.com\/live\/#website\",\"url\":\"https:\/\/www.terresduson.com\/live\/\",\"name\":\"Gazette live - Festival Terres du son\",\"description\":\"11, 12, 13 juillet 2025\",\"publisher\":{\"@id\":\"https:\/\/www.terresduson.com\/live\/#organization\"},\"potentialAction\":[{\"@type\":\"SearchAction\",\"target\":{\"@type\":\"EntryPoint\",\"urlTemplate\":\"https:\/\/www.terresduson.com\/live\/?s={search_term_string}\"},\"query-input\":{\"@type\":\"PropertyValueSpecification\",\"valueRequired\":true,\"valueName\":\"search_term_string\"}}],\"inLanguage\":\"fr-FR\"},{\"@type\":\"Organization\",\"@id\":\"https:\/\/www.terresduson.com\/live\/#organization\",\"name\":\"Terres du son\",\"url\":\"https:\/\/www.terresduson.com\/live\/\",\"logo\":{\"@type\":\"ImageObject\",\"inLanguage\":\"fr-FR\",\"@id\":\"https:\/\/www.terresduson.com\/live\/#\/schema\/logo\/image\/\",\"url\":\"https:\/\/www.terresduson.com\/live\/wp-content\/uploads\/2018\/07\/bandeau_tds_live.png\",\"contentUrl\":\"https:\/\/www.terresduson.com\/live\/wp-content\/uploads\/2018\/07\/bandeau_tds_live.png\",\"width\":1024,\"height\":500,\"caption\":\"Terres du son\"},\"image\":{\"@id\":\"https:\/\/www.terresduson.com\/live\/#\/schema\/logo\/image\/\"},\"sameAs\":[\"https:\/\/www.facebook.com\/festivalterresduson\/\",\"https:\/\/x.com\/Terres_du_Son\",\"https:\/\/www.instagram.com\/terresduson\/\",\"https:\/\/www.youtube.com\/channel\/UCugRO-2-oo70oC9mf2iHWMA\"]},{\"@type\":\"Person\",\"@id\":\"https:\/\/www.terresduson.com\/live\/#\/schema\/person\/d3e072cb1a1cc4d7ecf46056412e0e94\",\"name\":\"Ludovic Evelin\",\"image\":{\"@type\":\"ImageObject\",\"inLanguage\":\"fr-FR\",\"@id\":\"https:\/\/www.terresduson.com\/live\/#\/schema\/person\/image\/\",\"url\":\"https:\/\/secure.gravatar.com\/avatar\/84f754c34def02a65d67b21b964ec99e47424cef21eb7a1dc47023fab4424834?s=96&d=mm&r=g\",\"contentUrl\":\"https:\/\/secure.gravatar.com\/avatar\/84f754c34def02a65d67b21b964ec99e47424cef21eb7a1dc47023fab4424834?s=96&d=mm&r=g\",\"caption\":\"Ludovic Evelin\"},\"url\":\"https:\/\/www.terresduson.com\/live\/author\/ludo\/\"}]}<\/script>\n<!-- \/ Yoast SEO plugin. -->","yoast_head_json":{"title":"D\u00e9j\u00e0 la fin\u2026 - Gazette live - Festival Terres du son","robots":{"index":"index","follow":"follow","max-snippet":"max-snippet:-1","max-image-preview":"max-image-preview:large","max-video-preview":"max-video-preview:-1"},"canonical":"https:\/\/www.terresduson.com\/live\/deja-la-fin\/","og_locale":"fr_FR","og_type":"article","og_title":"D\u00e9j\u00e0 la fin\u2026 - Gazette live - Festival Terres du son","og_description":"Autrice : Diphy | Cr\u00e9dits photos : Lonashoot, Antoine Lavergne, Chlo\u00e9 Viratelle Cr\u00e9dit photo : Lonashoot Nos 20 ans touchent \u00e0 leur fin, le week-end est pass\u00e9 bien trop vite \u00e0 vos c\u00f4t\u00e9s\u2026 Vous avez pu profiter de tous vos artistes favoris ? Manger \u00e0 votre faim et profiter de toutes nos animations ? Allez, [&hellip;]","og_url":"https:\/\/www.terresduson.com\/live\/deja-la-fin\/","og_site_name":"Gazette live - Festival Terres du son","article_publisher":"https:\/\/www.facebook.com\/festivalterresduson\/","article_published_time":"2025-07-14T10:35:22+00:00","article_modified_time":"2025-07-14T10:38:25+00:00","og_image":[{"width":1024,"height":521,"url":"https:\/\/www.terresduson.com\/live\/wp-content\/uploads\/2019\/07\/fb_tds2019w.jpg","type":"image\/jpeg"}],"author":"Ludovic Evelin","twitter_card":"summary_large_image","twitter_creator":"@Terres_du_Son","twitter_site":"@Terres_du_Son","twitter_misc":{"\u00c9crit par":"Ludovic Evelin","Dur\u00e9e de lecture estim\u00e9e":"6 minutes"},"schema":{"@context":"https:\/\/schema.org","@graph":[{"@type":"Article","@id":"https:\/\/www.terresduson.com\/live\/deja-la-fin\/#article","isPartOf":{"@id":"https:\/\/www.terresduson.com\/live\/deja-la-fin\/"},"author":{"name":"Ludovic Evelin","@id":"https:\/\/www.terresduson.com\/live\/#\/schema\/person\/d3e072cb1a1cc4d7ecf46056412e0e94"},"headline":"D\u00e9j\u00e0 la fin\u2026","datePublished":"2025-07-14T10:35:22+00:00","dateModified":"2025-07-14T10:38:25+00:00","mainEntityOfPage":{"@id":"https:\/\/www.terresduson.com\/live\/deja-la-fin\/"},"wordCount":1071,"publisher":{"@id":"https:\/\/www.terresduson.com\/live\/#organization"},"image":{"@id":"https:\/\/www.terresduson.com\/live\/deja-la-fin\/#primaryimage"},"thumbnailUrl":"https:\/\/www.terresduson.com\/live\/wp-content\/uploads\/2025\/07\/deja-fin-min.avif","articleSection":["Articles","Cat","Dimanche","Jour"],"inLanguage":"fr-FR"},{"@type":"WebPage","@id":"https:\/\/www.terresduson.com\/live\/deja-la-fin\/","url":"https:\/\/www.terresduson.com\/live\/deja-la-fin\/","name":"D\u00e9j\u00e0 la fin\u2026 - Gazette live - Festival Terres du son","isPartOf":{"@id":"https:\/\/www.terresduson.com\/live\/#website"},"primaryImageOfPage":{"@id":"https:\/\/www.terresduson.com\/live\/deja-la-fin\/#primaryimage"},"image":{"@id":"https:\/\/www.terresduson.com\/live\/deja-la-fin\/#primaryimage"},"thumbnailUrl":"https:\/\/www.terresduson.com\/live\/wp-content\/uploads\/2025\/07\/deja-fin-min.avif","datePublished":"2025-07-14T10:35:22+00:00","dateModified":"2025-07-14T10:38:25+00:00","breadcrumb":{"@id":"https:\/\/www.terresduson.com\/live\/deja-la-fin\/#breadcrumb"},"inLanguage":"fr-FR","potentialAction":[{"@type":"ReadAction","target":["https:\/\/www.terresduson.com\/live\/deja-la-fin\/"]}]},{"@type":"ImageObject","inLanguage":"fr-FR","@id":"https:\/\/www.terresduson.com\/live\/deja-la-fin\/#primaryimage","url":"https:\/\/www.terresduson.com\/live\/wp-content\/uploads\/2025\/07\/deja-fin-min.avif","contentUrl":"https:\/\/www.terresduson.com\/live\/wp-content\/uploads\/2025\/07\/deja-fin-min.avif","width":800,"height":606},{"@type":"BreadcrumbList","@id":"https:\/\/www.terresduson.com\/live\/deja-la-fin\/#breadcrumb","itemListElement":[{"@type":"ListItem","position":1,"name":"Accueil","item":"https:\/\/www.terresduson.com\/live\/"},{"@type":"ListItem","position":2,"name":"D\u00e9j\u00e0 la fin\u2026"}]},{"@type":"WebSite","@id":"https:\/\/www.terresduson.com\/live\/#website","url":"https:\/\/www.terresduson.com\/live\/","name":"Gazette live - Festival Terres du son","description":"11, 12, 13 juillet 2025","publisher":{"@id":"https:\/\/www.terresduson.com\/live\/#organization"},"potentialAction":[{"@type":"SearchAction","target":{"@type":"EntryPoint","urlTemplate":"https:\/\/www.terresduson.com\/live\/?s={search_term_string}"},"query-input":{"@type":"PropertyValueSpecification","valueRequired":true,"valueName":"search_term_string"}}],"inLanguage":"fr-FR"},{"@type":"Organization","@id":"https:\/\/www.terresduson.com\/live\/#organization","name":"Terres du son","url":"https:\/\/www.terresduson.com\/live\/","logo":{"@type":"ImageObject","inLanguage":"fr-FR","@id":"https:\/\/www.terresduson.com\/live\/#\/schema\/logo\/image\/","url":"https:\/\/www.terresduson.com\/live\/wp-content\/uploads\/2018\/07\/bandeau_tds_live.png","contentUrl":"https:\/\/www.terresduson.com\/live\/wp-content\/uploads\/2018\/07\/bandeau_tds_live.png","width":1024,"height":500,"caption":"Terres du son"},"image":{"@id":"https:\/\/www.terresduson.com\/live\/#\/schema\/logo\/image\/"},"sameAs":["https:\/\/www.facebook.com\/festivalterresduson\/","https:\/\/x.com\/Terres_du_Son","https:\/\/www.instagram.com\/terresduson\/","https:\/\/www.youtube.com\/channel\/UCugRO-2-oo70oC9mf2iHWMA"]},{"@type":"Person","@id":"https:\/\/www.terresduson.com\/live\/#\/schema\/person\/d3e072cb1a1cc4d7ecf46056412e0e94","name":"Ludovic Evelin","image":{"@type":"ImageObject","inLanguage":"fr-FR","@id":"https:\/\/www.terresduson.com\/live\/#\/schema\/person\/image\/","url":"https:\/\/secure.gravatar.com\/avatar\/84f754c34def02a65d67b21b964ec99e47424cef21eb7a1dc47023fab4424834?s=96&d=mm&r=g","contentUrl":"https:\/\/secure.gravatar.com\/avatar\/84f754c34def02a65d67b21b964ec99e47424cef21eb7a1dc47023fab4424834?s=96&d=mm&r=g","caption":"Ludovic Evelin"},"url":"https:\/\/www.terresduson.com\/live\/author\/ludo\/"}]}},"_links":{"self":[{"href":"https:\/\/www.terresduson.com\/live\/wp-json\/wp\/v2\/posts\/2676","targetHints":{"allow":["GET"]}}],"collection":[{"href":"https:\/\/www.terresduson.com\/live\/wp-json\/wp\/v2\/posts"}],"about":[{"href":"https:\/\/www.terresduson.com\/live\/wp-json\/wp\/v2\/types\/post"}],"author":[{"embeddable":true,"href":"https:\/\/www.terresduson.com\/live\/wp-json\/wp\/v2\/users\/1"}],"replies":[{"embeddable":true,"href":"https:\/\/www.terresduson.com\/live\/wp-json\/wp\/v2\/comments?post=2676"}],"version-history":[{"count":2,"href":"https:\/\/www.terresduson.com\/live\/wp-json\/wp\/v2\/posts\/2676\/revisions"}],"predecessor-version":[{"id":2683,"href":"https:\/\/www.terresduson.com\/live\/wp-json\/wp\/v2\/posts\/2676\/revisions\/2683"}],"wp:featuredmedia":[{"embeddable":true,"href":"https:\/\/www.terresduson.com\/live\/wp-json\/wp\/v2\/media\/2681"}],"wp:attachment":[{"href":"https:\/\/www.terresduson.com\/live\/wp-json\/wp\/v2\/media?parent=2676"}],"wp:term":[{"taxonomy":"category","embeddable":true,"href":"https:\/\/www.terresduson.com\/live\/wp-json\/wp\/v2\/categories?post=2676"},{"taxonomy":"post_tag","embeddable":true,"href":"https:\/\/www.terresduson.com\/live\/wp-json\/wp\/v2\/tags?post=2676"}],"curies":[{"name":"wp","href":"https:\/\/api.w.org\/{rel}","templated":true}]}}