{"id":2668,"date":"2025-07-14T11:46:40","date_gmt":"2025-07-14T09:46:40","guid":{"rendered":"https:\/\/www.terresduson.com\/live\/?p=2668"},"modified":"2025-07-14T12:38:55","modified_gmt":"2025-07-14T10:38:55","slug":"dirty-crew-en-interview","status":"publish","type":"post","link":"https:\/\/www.terresduson.com\/live\/dirty-crew-en-interview\/","title":{"rendered":"Dirty Crew en interview"},"content":{"rendered":"\n<p>Autrices : Aude O + Charline | Cr\u00e9dit Photos : Chlo\u00e9 Viratelle<\/p>\n\n\n\n<div style=\"height:32px\" aria-hidden=\"true\" class=\"wp-block-spacer\"><\/div>\n\n\n\n<p>\u00c0 l\u2019occasion des 20 ans de Terres du Son, le Dirty Crew s\u2019est vu confier une carte blanche pour imaginer une sc\u00e8ne \u00e0 leur image. Un pari r\u00e9ussi ! Rencontre avec les membres de ce collectif tourangeau qui m\u00eale passion, engagement local et \u00e9nergie contagieuse.<\/p>\n\n\n\n<div style=\"height:32px\" aria-hidden=\"true\" class=\"wp-block-spacer\"><\/div>\n\n\n\n<figure class=\"wp-block-image size-large\"><img loading=\"lazy\" decoding=\"async\" width=\"1024\" height=\"680\" src=\"https:\/\/www.terresduson.com\/live\/wp-content\/uploads\/2025\/07\/dirty1-1024x680.jpg\" alt=\"\" class=\"wp-image-2669\" srcset=\"https:\/\/www.terresduson.com\/live\/wp-content\/uploads\/2025\/07\/dirty1-1024x680.jpg 1024w, https:\/\/www.terresduson.com\/live\/wp-content\/uploads\/2025\/07\/dirty1-300x199.jpg 300w, https:\/\/www.terresduson.com\/live\/wp-content\/uploads\/2025\/07\/dirty1-768x510.jpg 768w, https:\/\/www.terresduson.com\/live\/wp-content\/uploads\/2025\/07\/dirty1.avif 1280w\" sizes=\"auto, (max-width: 1024px) 100vw, 1024px\" \/><\/figure>\n\n\n\n<div style=\"height:32px\" aria-hidden=\"true\" class=\"wp-block-spacer\"><\/div>\n\n\n\n<h3 class=\"wp-block-heading\">Pour commencer, pouvez-vous vous pr\u00e9senter ?<\/h3>\n\n\n\n<p><strong>Corentin <\/strong>: Moi c\u2019est Corentin, mon nom d\u2019artiste c\u2019est Aldo. Je suis DJ au sein du Dirty Crew.<\/p>\n\n\n\n<p><strong>Florian Alexandre<\/strong> : Moi c\u2019est Florian Alexandre, dit Flax, mon nom de sc\u00e8ne c\u2019est Alexandre 2. Je suis un des cofondateurs du Dirty Crew.<\/p>\n\n\n\n<p><strong>Florian <\/strong>: Je suis Florian, le second cofondateur. Je m\u2019occupe surtout de la partie administrative, production et budget.<\/p>\n\n\n\n<p><strong>Arthur <\/strong>: Je m\u2019appelle Arthur, connu sous le nom de Tut ou La Fine Groove en duo avec Babe. Je suis le troisi\u00e8me cofondateur du Dirty Crew. Je suis designer de formation, donc je g\u00e8re toute la partie graphique\u2026 et un peu barman aussi, mais \u00e7a ne me sert pas ici (rires). Ah, et DJ \u00e9galement !<\/p>\n\n\n\n<h3 class=\"wp-block-heading\">Comment est n\u00e9 le Dirty Crew ? Et comment d\u00e9cririez-vous votre univers musical ?<\/h3>\n\n\n\n<p><strong>Florian Alexandre<\/strong> : C\u2019est n\u00e9 un peu par hasard. On avait tous commenc\u00e9 \u00e0 mixer, on se connaissait sans \u00eatre vraiment proches.<\/p>\n\n\n\n<p>J\u2019ai crois\u00e9 Vava en terrasse d\u2019un bar \u00e0 Tours, le Tourangean, et je lui ai propos\u00e9 de mixer avec moi au Citizen. Ensuite, on a rencontr\u00e9 Tut et on lui a propos\u00e9 de faire une soir\u00e9e avec nous. \u00c7a a march\u00e9 direct.<\/p>\n\n\n\n<p>Le lendemain, on est all\u00e9s manger ensemble, et Corentin nous a propos\u00e9 de monter un truc ensemble, pour voir\u2026 Trois ans plus tard, on y est toujours ! Une synergie n\u00e9e sans attentes, juste avec l\u2019envie commune de faire de la musique.<\/p>\n\n\n\n<p><strong>Corentin <\/strong>: On s\u2019est laiss\u00e9s porter. On n\u2019a jamais mis la barre trop haut, on a avanc\u00e9 pas \u00e0 pas. Les gens accrochaient, alors on continuait.<\/p>\n\n\n\n<p>C\u00f4t\u00e9 musical, on va de l\u2019acid techno \u00e0 la groove mentale, en passant par des trucs plus joyeux et dansants. On aime la diversit\u00e9 : proposer une palette large, qui \u00e9volue selon les lieux et les \u00e9v\u00e9nements.<\/p>\n\n\n\n<div style=\"height:32px\" aria-hidden=\"true\" class=\"wp-block-spacer\"><\/div>\n\n\n\n<figure class=\"wp-block-image size-large\"><img loading=\"lazy\" decoding=\"async\" width=\"1024\" height=\"681\" src=\"https:\/\/www.terresduson.com\/live\/wp-content\/uploads\/2025\/07\/dirty2-1024x681.jpg\" alt=\"\" class=\"wp-image-2670\" srcset=\"https:\/\/www.terresduson.com\/live\/wp-content\/uploads\/2025\/07\/dirty2-1024x681.jpg 1024w, https:\/\/www.terresduson.com\/live\/wp-content\/uploads\/2025\/07\/dirty2-300x200.jpg 300w, https:\/\/www.terresduson.com\/live\/wp-content\/uploads\/2025\/07\/dirty2-768x511.jpg 768w, https:\/\/www.terresduson.com\/live\/wp-content\/uploads\/2025\/07\/dirty2.avif 1275w\" sizes=\"auto, (max-width: 1024px) 100vw, 1024px\" \/><\/figure>\n\n\n\n<div style=\"height:32px\" aria-hidden=\"true\" class=\"wp-block-spacer\"><\/div>\n\n\n\n<h3 class=\"wp-block-heading\">Quel a \u00e9t\u00e9 votre premier contact avec Terres du Son ?<\/h3>\n\n\n\n<p><strong>Florian Alexandre<\/strong> : En tant que festivaliers, il y a plusieurs ann\u00e9es. Moi j\u2019y allais m\u00eame quand j\u2019\u00e9tais mineur, c\u2019\u00e9tait un des premiers festivals que j\u2019ai fait.<\/p>\n\n\n\n<p><strong>Florian <\/strong>: Pour la partie sc\u00e8ne, on est entr\u00e9s en contact avec Micka\u00ebl, le programmateur. On voulait discuter d\u2019une sc\u00e8ne \u00e9lectronique, comme la sc\u00e8ne Soleil de l\u2019an dernier. \u00c7a a tout de suite match\u00e9 entre nous.<\/p>\n\n\n\n<h3 class=\"wp-block-heading\">Que repr\u00e9sente cette carte blanche pour les 20 ans du festival ?<\/h3>\n\n\n\n<p><strong>Florian <\/strong>: On est hyper fiers. Ce n\u2019est pas juste une sc\u00e8ne Dirty Crew, on a invit\u00e9 des artistes qu\u2019on aime, humainement et musicalement, et qui sont actifs sur la sc\u00e8ne tourangelle.<\/p>\n\n\n\n<p><strong>Arthur <\/strong>: L\u2019id\u00e9e, c\u2019\u00e9tait de montrer la richesse de la musique \u00e9lectronique locale, de proposer plusieurs esth\u00e9tiques, et pas seulement celles qu\u2019on joue habituellement. C\u2019est une forme de reconnaissance locale aussi.<\/p>\n\n\n\n<p><strong>Florian <\/strong>: Et puis moi, j\u2019y vais depuis 15 ans \u00e0 ce festival ! Il y a une part de nostalgie. Aujourd\u2019hui, on peut y proposer une sc\u00e8ne compl\u00e8te, avec sc\u00e9nographie, programmation, administration\u2026 tout en local !<\/p>\n\n\n\n<h3 class=\"wp-block-heading\">Justement, quels partenaires ont contribu\u00e9 \u00e0 ce projet ?<\/h3>\n\n\n\n<p><strong>Florian <\/strong>: Pour la sc\u00e9nographie, on a boss\u00e9 avec EkoDeco, Guillaume et Rapha\u00ebl, qui ont tout fait en bois de r\u00e9cup\u00e9ration. C\u2019est une sc\u00e9nographie r\u00e9utilisable \u00e0 plus de 70 %. On r\u00e9emploie d\u2019ailleurs des \u00e9l\u00e9ments qu\u2019on avait pour une soir\u00e9e \u00e0 Aquabionic.<\/p>\n\n\n\n<p><strong>Arthur <\/strong>: Pour la lumi\u00e8re, on a Ga\u00ebtan, Tanguy et Jo\u00ebl. Pour le son, c\u2019est Camille qui a tout mis en place. Et c\u00f4t\u00e9 admin, on a Ana\u00efs qui g\u00e8re les cachets, les contrats\u2026 Tout est pens\u00e9 pour que tout le monde soit r\u00e9mun\u00e9r\u00e9.<\/p>\n\n\n\n<p><strong>Florian <\/strong>: Les chapiteaux, c\u2019est avec la Cour des Miracles, Arthur, Jules et Augustin. Et puis bien s\u00fbr tous les b\u00e9n\u00e9voles, Clarisse, Marine, Sarah\u2026 On ne pourrait pas faire tout \u00e7a sans eux.<\/p>\n\n\n\n<div style=\"height:32px\" aria-hidden=\"true\" class=\"wp-block-spacer\"><\/div>\n\n\n\n<figure class=\"wp-block-image size-large\"><img loading=\"lazy\" decoding=\"async\" width=\"1024\" height=\"674\" src=\"https:\/\/www.terresduson.com\/live\/wp-content\/uploads\/2025\/07\/dirty3-1024x674.jpg\" alt=\"\" class=\"wp-image-2671\" srcset=\"https:\/\/www.terresduson.com\/live\/wp-content\/uploads\/2025\/07\/dirty3-1024x674.jpg 1024w, https:\/\/www.terresduson.com\/live\/wp-content\/uploads\/2025\/07\/dirty3-300x197.jpg 300w, https:\/\/www.terresduson.com\/live\/wp-content\/uploads\/2025\/07\/dirty3-768x505.jpg 768w, https:\/\/www.terresduson.com\/live\/wp-content\/uploads\/2025\/07\/dirty3.avif 1280w\" sizes=\"auto, (max-width: 1024px) 100vw, 1024px\" \/><\/figure>\n\n\n\n<div style=\"height:32px\" aria-hidden=\"true\" class=\"wp-block-spacer\"><\/div>\n\n\n\n<h3 class=\"wp-block-heading\">Comment avez-vous pens\u00e9 l\u2019exp\u00e9rience public ? Quels retours avez-vous re\u00e7us ?<\/h3>\n\n\n\n<p><strong>Arthur <\/strong>: Les retours ont \u00e9t\u00e9 tr\u00e8s positifs. Les gens nous ont dit qu\u2019ils se sentaient bien, que \u00e7a transpirait la passion. Et \u00e7a, \u00e7a fait chaud au c\u0153ur.<\/p>\n\n\n\n<p><strong>Corentin <\/strong>: On programme nos soir\u00e9es pour qu\u2019il y ait une \u00e9volution musicale. On essaie d\u2019\u00e9viter les doublons avec les grosses sc\u00e8nes voisines, pour que notre sc\u00e8ne ait une vraie identit\u00e9.<\/p>\n\n\n\n<p><strong>Florian <\/strong>: On veut que tout le monde s\u2019y retrouve : le public, les artistes, la technique, la prod. Il faut que chaque rouage soit satisfait pour que le projet fonctionne.<\/p>\n\n\n\n<h3 class=\"wp-block-heading\">Et le lien entre votre d\u00e9marche et les valeurs \u00e9coresponsables du festival ?<\/h3>\n\n\n\n<p><strong>Florian <\/strong>: Toute la sc\u00e9nographie est faite en bois r\u00e9cup\u00e9r\u00e9, r\u00e9utilisable, fabriqu\u00e9e localement. Les artistes sont locaux, le mat\u00e9riel vient de moins de 30 km, les transports sont partag\u00e9s.<\/p>\n\n\n\n<p>Terres du Son a une vraie politique \u00e9coresponsable, et on voulait vraiment s\u2019aligner avec ces valeurs.<\/p>\n\n\n\n<h3 class=\"wp-block-heading\">Un mot pour les festivaliers qui ne vous connaissent pas encore ?<\/h3>\n\n\n\n<p><strong>Arthur <\/strong>: Venez profiter du dernier soir si vous \u00eates encore l\u00e0 ! Il y a encore plein de styles diff\u00e9rents \u00e0 d\u00e9couvrir.<\/p>\n\n\n\n<p><strong>Florian Alexandre<\/strong> : Et pour ceux qui n\u2019ont pas pu venir, on organise un micro-festival le 31 ao\u00fbt \u00e0 la Brasserie Hoopoe avec nos crews amis : Toujours plus, G-ometrik et La Fine Groove. L\u2019entr\u00e9e est libre, les musiques vari\u00e9es, et toujours l\u2019accueil chaleureux.<\/p>\n\n\n\n<p><strong>Corentin <\/strong>: Venez vous laisser surprendre. On a commenc\u00e9 comme public, on le reste encore. Cette connexion avec les gens, c\u2019est ce qu\u2019on a toujours voulu entretenir. C\u2019est pour \u00e7a qu\u2019on a mont\u00e9 Dirty Crew.<\/p>\n\n\n\n<div style=\"height:32px\" aria-hidden=\"true\" class=\"wp-block-spacer\"><\/div>\n\n\n\n<figure class=\"wp-block-image size-large\"><img loading=\"lazy\" decoding=\"async\" width=\"1024\" height=\"680\" src=\"https:\/\/www.terresduson.com\/live\/wp-content\/uploads\/2025\/07\/dirty4-1024x680.jpg\" alt=\"\" class=\"wp-image-2672\" srcset=\"https:\/\/www.terresduson.com\/live\/wp-content\/uploads\/2025\/07\/dirty4-1024x680.jpg 1024w, https:\/\/www.terresduson.com\/live\/wp-content\/uploads\/2025\/07\/dirty4-300x199.jpg 300w, https:\/\/www.terresduson.com\/live\/wp-content\/uploads\/2025\/07\/dirty4-768x510.jpg 768w, https:\/\/www.terresduson.com\/live\/wp-content\/uploads\/2025\/07\/dirty4.avif 1280w\" sizes=\"auto, (max-width: 1024px) 100vw, 1024px\" \/><\/figure>\n\n\n\n<div style=\"height:32px\" aria-hidden=\"true\" class=\"wp-block-spacer\"><\/div>\n\n\n\n<p><em>Dirty Crew, c\u2019est plus qu\u2019un collectif : c\u2019est un \u00e9tat d\u2019esprit, une famille musicale, un projet collectif bien ancr\u00e9 sur le territoire tourangeau.<\/em><\/p>\n","protected":false},"excerpt":{"rendered":"<p>Autrices : Aude O + Charline | Cr\u00e9dit Photos : Chlo\u00e9 Viratelle \u00c0 l\u2019occasion des 20 ans de Terres du Son, le Dirty Crew s\u2019est vu confier une carte blanche pour imaginer une sc\u00e8ne \u00e0 leur image. Un pari r\u00e9ussi ! Rencontre avec les membres de ce collectif tourangeau qui m\u00eale passion, engagement local et [&hellip;]<\/p>\n","protected":false},"author":1,"featured_media":2673,"comment_status":"closed","ping_status":"closed","sticky":false,"template":"","format":"standard","meta":{"_acf_changed":false,"footnotes":""},"categories":[95,26,78,23],"tags":[],"class_list":["post-2668","post","type-post","status-publish","format-standard","has-post-thumbnail","hentry","category-cat","category-dimanche","category-interview","category-jour"],"acf":[],"yoast_head":"<!-- This site is optimized with the Yoast SEO plugin v25.5 - https:\/\/yoast.com\/wordpress\/plugins\/seo\/ -->\n<title>Dirty Crew en interview - Gazette live - Festival Terres du son<\/title>\n<meta name=\"robots\" content=\"index, follow, max-snippet:-1, max-image-preview:large, max-video-preview:-1\" \/>\n<link rel=\"canonical\" href=\"https:\/\/www.terresduson.com\/live\/dirty-crew-en-interview\/\" \/>\n<meta property=\"og:locale\" content=\"fr_FR\" \/>\n<meta property=\"og:type\" content=\"article\" \/>\n<meta property=\"og:title\" content=\"Dirty Crew en interview - Gazette live - Festival Terres du son\" \/>\n<meta property=\"og:description\" content=\"Autrices : Aude O + Charline | Cr\u00e9dit Photos : Chlo\u00e9 Viratelle \u00c0 l\u2019occasion des 20 ans de Terres du Son, le Dirty Crew s\u2019est vu confier une carte blanche pour imaginer une sc\u00e8ne \u00e0 leur image. Un pari r\u00e9ussi ! Rencontre avec les membres de ce collectif tourangeau qui m\u00eale passion, engagement local et [&hellip;]\" \/>\n<meta property=\"og:url\" content=\"https:\/\/www.terresduson.com\/live\/dirty-crew-en-interview\/\" \/>\n<meta property=\"og:site_name\" content=\"Gazette live - Festival Terres du son\" \/>\n<meta property=\"article:publisher\" content=\"https:\/\/www.facebook.com\/festivalterresduson\/\" \/>\n<meta property=\"article:published_time\" content=\"2025-07-14T09:46:40+00:00\" \/>\n<meta property=\"article:modified_time\" content=\"2025-07-14T10:38:55+00:00\" \/>\n<meta property=\"og:image\" content=\"https:\/\/www.terresduson.com\/live\/wp-content\/uploads\/2019\/07\/fb_tds2019w.jpg\" \/>\n\t<meta property=\"og:image:width\" content=\"1024\" \/>\n\t<meta property=\"og:image:height\" content=\"521\" \/>\n\t<meta property=\"og:image:type\" content=\"image\/jpeg\" \/>\n<meta name=\"author\" content=\"Ludovic Evelin\" \/>\n<meta name=\"twitter:card\" content=\"summary_large_image\" \/>\n<meta name=\"twitter:creator\" content=\"@Terres_du_Son\" \/>\n<meta name=\"twitter:site\" content=\"@Terres_du_Son\" \/>\n<meta name=\"twitter:label1\" content=\"\u00c9crit par\" \/>\n\t<meta name=\"twitter:data1\" content=\"Ludovic Evelin\" \/>\n\t<meta name=\"twitter:label2\" content=\"Dur\u00e9e de lecture estim\u00e9e\" \/>\n\t<meta name=\"twitter:data2\" content=\"6 minutes\" \/>\n<script type=\"application\/ld+json\" class=\"yoast-schema-graph\">{\"@context\":\"https:\/\/schema.org\",\"@graph\":[{\"@type\":\"Article\",\"@id\":\"https:\/\/www.terresduson.com\/live\/dirty-crew-en-interview\/#article\",\"isPartOf\":{\"@id\":\"https:\/\/www.terresduson.com\/live\/dirty-crew-en-interview\/\"},\"author\":{\"name\":\"Ludovic Evelin\",\"@id\":\"https:\/\/www.terresduson.com\/live\/#\/schema\/person\/d3e072cb1a1cc4d7ecf46056412e0e94\"},\"headline\":\"Dirty Crew en interview\",\"datePublished\":\"2025-07-14T09:46:40+00:00\",\"dateModified\":\"2025-07-14T10:38:55+00:00\",\"mainEntityOfPage\":{\"@id\":\"https:\/\/www.terresduson.com\/live\/dirty-crew-en-interview\/\"},\"wordCount\":1035,\"publisher\":{\"@id\":\"https:\/\/www.terresduson.com\/live\/#organization\"},\"image\":{\"@id\":\"https:\/\/www.terresduson.com\/live\/dirty-crew-en-interview\/#primaryimage\"},\"thumbnailUrl\":\"https:\/\/www.terresduson.com\/live\/wp-content\/uploads\/2025\/07\/dirty-min.avif\",\"articleSection\":[\"Cat\",\"Dimanche\",\"Interview\",\"Jour\"],\"inLanguage\":\"fr-FR\"},{\"@type\":\"WebPage\",\"@id\":\"https:\/\/www.terresduson.com\/live\/dirty-crew-en-interview\/\",\"url\":\"https:\/\/www.terresduson.com\/live\/dirty-crew-en-interview\/\",\"name\":\"Dirty Crew en interview - Gazette live - Festival Terres du son\",\"isPartOf\":{\"@id\":\"https:\/\/www.terresduson.com\/live\/#website\"},\"primaryImageOfPage\":{\"@id\":\"https:\/\/www.terresduson.com\/live\/dirty-crew-en-interview\/#primaryimage\"},\"image\":{\"@id\":\"https:\/\/www.terresduson.com\/live\/dirty-crew-en-interview\/#primaryimage\"},\"thumbnailUrl\":\"https:\/\/www.terresduson.com\/live\/wp-content\/uploads\/2025\/07\/dirty-min.avif\",\"datePublished\":\"2025-07-14T09:46:40+00:00\",\"dateModified\":\"2025-07-14T10:38:55+00:00\",\"breadcrumb\":{\"@id\":\"https:\/\/www.terresduson.com\/live\/dirty-crew-en-interview\/#breadcrumb\"},\"inLanguage\":\"fr-FR\",\"potentialAction\":[{\"@type\":\"ReadAction\",\"target\":[\"https:\/\/www.terresduson.com\/live\/dirty-crew-en-interview\/\"]}]},{\"@type\":\"ImageObject\",\"inLanguage\":\"fr-FR\",\"@id\":\"https:\/\/www.terresduson.com\/live\/dirty-crew-en-interview\/#primaryimage\",\"url\":\"https:\/\/www.terresduson.com\/live\/wp-content\/uploads\/2025\/07\/dirty-min.avif\",\"contentUrl\":\"https:\/\/www.terresduson.com\/live\/wp-content\/uploads\/2025\/07\/dirty-min.avif\",\"width\":800,\"height\":518},{\"@type\":\"BreadcrumbList\",\"@id\":\"https:\/\/www.terresduson.com\/live\/dirty-crew-en-interview\/#breadcrumb\",\"itemListElement\":[{\"@type\":\"ListItem\",\"position\":1,\"name\":\"Accueil\",\"item\":\"https:\/\/www.terresduson.com\/live\/\"},{\"@type\":\"ListItem\",\"position\":2,\"name\":\"Dirty Crew en interview\"}]},{\"@type\":\"WebSite\",\"@id\":\"https:\/\/www.terresduson.com\/live\/#website\",\"url\":\"https:\/\/www.terresduson.com\/live\/\",\"name\":\"Gazette live - Festival Terres du son\",\"description\":\"11, 12, 13 juillet 2025\",\"publisher\":{\"@id\":\"https:\/\/www.terresduson.com\/live\/#organization\"},\"potentialAction\":[{\"@type\":\"SearchAction\",\"target\":{\"@type\":\"EntryPoint\",\"urlTemplate\":\"https:\/\/www.terresduson.com\/live\/?s={search_term_string}\"},\"query-input\":{\"@type\":\"PropertyValueSpecification\",\"valueRequired\":true,\"valueName\":\"search_term_string\"}}],\"inLanguage\":\"fr-FR\"},{\"@type\":\"Organization\",\"@id\":\"https:\/\/www.terresduson.com\/live\/#organization\",\"name\":\"Terres du son\",\"url\":\"https:\/\/www.terresduson.com\/live\/\",\"logo\":{\"@type\":\"ImageObject\",\"inLanguage\":\"fr-FR\",\"@id\":\"https:\/\/www.terresduson.com\/live\/#\/schema\/logo\/image\/\",\"url\":\"https:\/\/www.terresduson.com\/live\/wp-content\/uploads\/2018\/07\/bandeau_tds_live.png\",\"contentUrl\":\"https:\/\/www.terresduson.com\/live\/wp-content\/uploads\/2018\/07\/bandeau_tds_live.png\",\"width\":1024,\"height\":500,\"caption\":\"Terres du son\"},\"image\":{\"@id\":\"https:\/\/www.terresduson.com\/live\/#\/schema\/logo\/image\/\"},\"sameAs\":[\"https:\/\/www.facebook.com\/festivalterresduson\/\",\"https:\/\/x.com\/Terres_du_Son\",\"https:\/\/www.instagram.com\/terresduson\/\",\"https:\/\/www.youtube.com\/channel\/UCugRO-2-oo70oC9mf2iHWMA\"]},{\"@type\":\"Person\",\"@id\":\"https:\/\/www.terresduson.com\/live\/#\/schema\/person\/d3e072cb1a1cc4d7ecf46056412e0e94\",\"name\":\"Ludovic Evelin\",\"image\":{\"@type\":\"ImageObject\",\"inLanguage\":\"fr-FR\",\"@id\":\"https:\/\/www.terresduson.com\/live\/#\/schema\/person\/image\/\",\"url\":\"https:\/\/secure.gravatar.com\/avatar\/84f754c34def02a65d67b21b964ec99e47424cef21eb7a1dc47023fab4424834?s=96&d=mm&r=g\",\"contentUrl\":\"https:\/\/secure.gravatar.com\/avatar\/84f754c34def02a65d67b21b964ec99e47424cef21eb7a1dc47023fab4424834?s=96&d=mm&r=g\",\"caption\":\"Ludovic Evelin\"},\"url\":\"https:\/\/www.terresduson.com\/live\/author\/ludo\/\"}]}<\/script>\n<!-- \/ Yoast SEO plugin. -->","yoast_head_json":{"title":"Dirty Crew en interview - Gazette live - Festival Terres du son","robots":{"index":"index","follow":"follow","max-snippet":"max-snippet:-1","max-image-preview":"max-image-preview:large","max-video-preview":"max-video-preview:-1"},"canonical":"https:\/\/www.terresduson.com\/live\/dirty-crew-en-interview\/","og_locale":"fr_FR","og_type":"article","og_title":"Dirty Crew en interview - Gazette live - Festival Terres du son","og_description":"Autrices : Aude O + Charline | Cr\u00e9dit Photos : Chlo\u00e9 Viratelle \u00c0 l\u2019occasion des 20 ans de Terres du Son, le Dirty Crew s\u2019est vu confier une carte blanche pour imaginer une sc\u00e8ne \u00e0 leur image. Un pari r\u00e9ussi ! Rencontre avec les membres de ce collectif tourangeau qui m\u00eale passion, engagement local et [&hellip;]","og_url":"https:\/\/www.terresduson.com\/live\/dirty-crew-en-interview\/","og_site_name":"Gazette live - Festival Terres du son","article_publisher":"https:\/\/www.facebook.com\/festivalterresduson\/","article_published_time":"2025-07-14T09:46:40+00:00","article_modified_time":"2025-07-14T10:38:55+00:00","og_image":[{"width":1024,"height":521,"url":"https:\/\/www.terresduson.com\/live\/wp-content\/uploads\/2019\/07\/fb_tds2019w.jpg","type":"image\/jpeg"}],"author":"Ludovic Evelin","twitter_card":"summary_large_image","twitter_creator":"@Terres_du_Son","twitter_site":"@Terres_du_Son","twitter_misc":{"\u00c9crit par":"Ludovic Evelin","Dur\u00e9e de lecture estim\u00e9e":"6 minutes"},"schema":{"@context":"https:\/\/schema.org","@graph":[{"@type":"Article","@id":"https:\/\/www.terresduson.com\/live\/dirty-crew-en-interview\/#article","isPartOf":{"@id":"https:\/\/www.terresduson.com\/live\/dirty-crew-en-interview\/"},"author":{"name":"Ludovic Evelin","@id":"https:\/\/www.terresduson.com\/live\/#\/schema\/person\/d3e072cb1a1cc4d7ecf46056412e0e94"},"headline":"Dirty Crew en interview","datePublished":"2025-07-14T09:46:40+00:00","dateModified":"2025-07-14T10:38:55+00:00","mainEntityOfPage":{"@id":"https:\/\/www.terresduson.com\/live\/dirty-crew-en-interview\/"},"wordCount":1035,"publisher":{"@id":"https:\/\/www.terresduson.com\/live\/#organization"},"image":{"@id":"https:\/\/www.terresduson.com\/live\/dirty-crew-en-interview\/#primaryimage"},"thumbnailUrl":"https:\/\/www.terresduson.com\/live\/wp-content\/uploads\/2025\/07\/dirty-min.avif","articleSection":["Cat","Dimanche","Interview","Jour"],"inLanguage":"fr-FR"},{"@type":"WebPage","@id":"https:\/\/www.terresduson.com\/live\/dirty-crew-en-interview\/","url":"https:\/\/www.terresduson.com\/live\/dirty-crew-en-interview\/","name":"Dirty Crew en interview - Gazette live - Festival Terres du son","isPartOf":{"@id":"https:\/\/www.terresduson.com\/live\/#website"},"primaryImageOfPage":{"@id":"https:\/\/www.terresduson.com\/live\/dirty-crew-en-interview\/#primaryimage"},"image":{"@id":"https:\/\/www.terresduson.com\/live\/dirty-crew-en-interview\/#primaryimage"},"thumbnailUrl":"https:\/\/www.terresduson.com\/live\/wp-content\/uploads\/2025\/07\/dirty-min.avif","datePublished":"2025-07-14T09:46:40+00:00","dateModified":"2025-07-14T10:38:55+00:00","breadcrumb":{"@id":"https:\/\/www.terresduson.com\/live\/dirty-crew-en-interview\/#breadcrumb"},"inLanguage":"fr-FR","potentialAction":[{"@type":"ReadAction","target":["https:\/\/www.terresduson.com\/live\/dirty-crew-en-interview\/"]}]},{"@type":"ImageObject","inLanguage":"fr-FR","@id":"https:\/\/www.terresduson.com\/live\/dirty-crew-en-interview\/#primaryimage","url":"https:\/\/www.terresduson.com\/live\/wp-content\/uploads\/2025\/07\/dirty-min.avif","contentUrl":"https:\/\/www.terresduson.com\/live\/wp-content\/uploads\/2025\/07\/dirty-min.avif","width":800,"height":518},{"@type":"BreadcrumbList","@id":"https:\/\/www.terresduson.com\/live\/dirty-crew-en-interview\/#breadcrumb","itemListElement":[{"@type":"ListItem","position":1,"name":"Accueil","item":"https:\/\/www.terresduson.com\/live\/"},{"@type":"ListItem","position":2,"name":"Dirty Crew en interview"}]},{"@type":"WebSite","@id":"https:\/\/www.terresduson.com\/live\/#website","url":"https:\/\/www.terresduson.com\/live\/","name":"Gazette live - Festival Terres du son","description":"11, 12, 13 juillet 2025","publisher":{"@id":"https:\/\/www.terresduson.com\/live\/#organization"},"potentialAction":[{"@type":"SearchAction","target":{"@type":"EntryPoint","urlTemplate":"https:\/\/www.terresduson.com\/live\/?s={search_term_string}"},"query-input":{"@type":"PropertyValueSpecification","valueRequired":true,"valueName":"search_term_string"}}],"inLanguage":"fr-FR"},{"@type":"Organization","@id":"https:\/\/www.terresduson.com\/live\/#organization","name":"Terres du son","url":"https:\/\/www.terresduson.com\/live\/","logo":{"@type":"ImageObject","inLanguage":"fr-FR","@id":"https:\/\/www.terresduson.com\/live\/#\/schema\/logo\/image\/","url":"https:\/\/www.terresduson.com\/live\/wp-content\/uploads\/2018\/07\/bandeau_tds_live.png","contentUrl":"https:\/\/www.terresduson.com\/live\/wp-content\/uploads\/2018\/07\/bandeau_tds_live.png","width":1024,"height":500,"caption":"Terres du son"},"image":{"@id":"https:\/\/www.terresduson.com\/live\/#\/schema\/logo\/image\/"},"sameAs":["https:\/\/www.facebook.com\/festivalterresduson\/","https:\/\/x.com\/Terres_du_Son","https:\/\/www.instagram.com\/terresduson\/","https:\/\/www.youtube.com\/channel\/UCugRO-2-oo70oC9mf2iHWMA"]},{"@type":"Person","@id":"https:\/\/www.terresduson.com\/live\/#\/schema\/person\/d3e072cb1a1cc4d7ecf46056412e0e94","name":"Ludovic Evelin","image":{"@type":"ImageObject","inLanguage":"fr-FR","@id":"https:\/\/www.terresduson.com\/live\/#\/schema\/person\/image\/","url":"https:\/\/secure.gravatar.com\/avatar\/84f754c34def02a65d67b21b964ec99e47424cef21eb7a1dc47023fab4424834?s=96&d=mm&r=g","contentUrl":"https:\/\/secure.gravatar.com\/avatar\/84f754c34def02a65d67b21b964ec99e47424cef21eb7a1dc47023fab4424834?s=96&d=mm&r=g","caption":"Ludovic Evelin"},"url":"https:\/\/www.terresduson.com\/live\/author\/ludo\/"}]}},"_links":{"self":[{"href":"https:\/\/www.terresduson.com\/live\/wp-json\/wp\/v2\/posts\/2668","targetHints":{"allow":["GET"]}}],"collection":[{"href":"https:\/\/www.terresduson.com\/live\/wp-json\/wp\/v2\/posts"}],"about":[{"href":"https:\/\/www.terresduson.com\/live\/wp-json\/wp\/v2\/types\/post"}],"author":[{"embeddable":true,"href":"https:\/\/www.terresduson.com\/live\/wp-json\/wp\/v2\/users\/1"}],"replies":[{"embeddable":true,"href":"https:\/\/www.terresduson.com\/live\/wp-json\/wp\/v2\/comments?post=2668"}],"version-history":[{"count":2,"href":"https:\/\/www.terresduson.com\/live\/wp-json\/wp\/v2\/posts\/2668\/revisions"}],"predecessor-version":[{"id":2684,"href":"https:\/\/www.terresduson.com\/live\/wp-json\/wp\/v2\/posts\/2668\/revisions\/2684"}],"wp:featuredmedia":[{"embeddable":true,"href":"https:\/\/www.terresduson.com\/live\/wp-json\/wp\/v2\/media\/2673"}],"wp:attachment":[{"href":"https:\/\/www.terresduson.com\/live\/wp-json\/wp\/v2\/media?parent=2668"}],"wp:term":[{"taxonomy":"category","embeddable":true,"href":"https:\/\/www.terresduson.com\/live\/wp-json\/wp\/v2\/categories?post=2668"},{"taxonomy":"post_tag","embeddable":true,"href":"https:\/\/www.terresduson.com\/live\/wp-json\/wp\/v2\/tags?post=2668"}],"curies":[{"name":"wp","href":"https:\/\/api.w.org\/{rel}","templated":true}]}}