{"id":2660,"date":"2025-07-13T17:01:38","date_gmt":"2025-07-13T15:01:38","guid":{"rendered":"https:\/\/www.terresduson.com\/live\/?p=2660"},"modified":"2025-07-14T12:39:23","modified_gmt":"2025-07-14T10:39:23","slug":"benin-international-musical","status":"publish","type":"post","link":"https:\/\/www.terresduson.com\/live\/benin-international-musical\/","title":{"rendered":"B\u00e9nin international musical"},"content":{"rendered":"\n<p>Autrices : Loicia F.et Charline L. | Cr\u00e9dit Photos : Chlo\u00e9 Viratelle<\/p>\n\n\n\n<div style=\"height:36px\" aria-hidden=\"true\" class=\"wp-block-spacer\"><\/div>\n\n\n\n<p>La gazette de Terres du son a eu la chance d\u2019avoir pu \u00e9changer quelques instants avec Amessiamey et Jimmy Belah. En abordant les diff\u00e9rentes sonorit\u00e9s b\u00e9ninoises, les deux artistes ont pr\u00e9sent\u00e9 leur collectif. Ils se r\u00e9approprient des rythmes vodouns \u00e0 travers des tonalit\u00e9s rock, folk et rap.<\/p>\n\n\n\n<div style=\"height:36px\" aria-hidden=\"true\" class=\"wp-block-spacer\"><\/div>\n\n\n\n<figure class=\"wp-block-image size-large\"><img loading=\"lazy\" decoding=\"async\" width=\"1024\" height=\"682\" src=\"https:\/\/www.terresduson.com\/live\/wp-content\/uploads\/2025\/07\/benin1-1024x682.jpg\" alt=\"\" class=\"wp-image-2661\" srcset=\"https:\/\/www.terresduson.com\/live\/wp-content\/uploads\/2025\/07\/benin1-1024x682.jpg 1024w, https:\/\/www.terresduson.com\/live\/wp-content\/uploads\/2025\/07\/benin1-300x200.jpg 300w, https:\/\/www.terresduson.com\/live\/wp-content\/uploads\/2025\/07\/benin1-768x512.jpg 768w, https:\/\/www.terresduson.com\/live\/wp-content\/uploads\/2025\/07\/benin1.avif 1280w\" sizes=\"auto, (max-width: 1024px) 100vw, 1024px\" \/><\/figure>\n\n\n\n<div style=\"height:36px\" aria-hidden=\"true\" class=\"wp-block-spacer\"><\/div>\n\n\n\n<h3 class=\"wp-block-heading\">G &#8211; Pourriez-vous d\u00e9crire en 3 mots votre style ?<\/h3>\n\n\n\n<p>BIM &#8211; Je pense que nous sommes les ambassadeurs de la culture b\u00e9ninoise et de la musique b\u00e9ninoise.<\/p>\n\n\n\n<h3 class=\"wp-block-heading\">G &#8211; On sait que vous souhaitiez vous r\u00e9approprier les rythmes vaudous mais qu&rsquo;est ce qui vous a fait vous lancer dans cette aventure ?<\/h3>\n\n\n\n<p>BIM &#8211; La musique, l&rsquo;h\u00e9ritage culturel que nous portons, que nous repr\u00e9sentons. D&rsquo;une certaine mani\u00e8re c&rsquo;est comme un devoir moral de repr\u00e9senter ce que nos anc\u00eatres nous ont laiss\u00e9, c&rsquo;est- \u00e0 dire la musique, la culture. Du coup, repr\u00e9senter le B\u00e9nin c&rsquo;est une fiert\u00e9. C&rsquo;est l&rsquo;occasion pour nous de demander la b\u00e9n\u00e9diction des anc\u00eatres pour nous porter encore plus loin.<\/p>\n\n\n\n<div class=\"wp-block-columns is-layout-flex wp-container-core-columns-is-layout-9d6595d7 wp-block-columns-is-layout-flex\">\n<div class=\"wp-block-column is-layout-flow wp-block-column-is-layout-flow\" style=\"flex-basis:66.66%\">\n<h3 class=\"wp-block-heading\">G &#8211; Qu&rsquo;est ce qui vous a amen\u00e9 \u00e0 cr\u00e9er le collectif ?&nbsp;<\/h3>\n\n\n\n<p>BIM &#8211; Le collectif c&rsquo;est pas nous qui l&rsquo;avons cr\u00e9\u00e9 c&rsquo;est plut\u00f4t l&rsquo;initiative de Herv\u00e9 Riesen (directeur de la radio FIP) et J\u00e9r\u00f4me Ettinger (manageur du groupe), ils sont arriv\u00e9s en 2016 avec le d\u00e9sir de r\u00e9unir des artistes b\u00e9ninois pour que cette musique soit export\u00e9e vers l&rsquo;international. Il y a un casting qui a \u00e9t\u00e9 fait et ceux qui ont \u00e9t\u00e9 s\u00e9lectionn\u00e9 nous sommes l\u00e0 pour repr\u00e9senter le B\u00e9nin et sa culture.<\/p>\n\n\n\n<h3 class=\"wp-block-heading\">G- Vous avez sorti votre 2eme album en octobre 2024, est ce que vous avez des projets pour la suite (album, collab,&#8230;) ?&nbsp;<\/h3>\n\n\n\n<p><em>BIM &#8211; Il y a plein de choses \u00e0 faire. En mai nous sommes all\u00e9s \u00e0 la Nouvelle Orl\u00e9ans o\u00f9 il y a beaucoup de culture vodou mais en r\u00e9alit\u00e9 on avait l&rsquo;impression que ce vodou ne partageait pas les valeurs du vodou africain. Et apr\u00e8s on a plein de projets aussi de rencontres et concerts<\/em>.<\/p>\n<\/div>\n\n\n\n<div class=\"wp-block-column is-layout-flow wp-block-column-is-layout-flow\" style=\"flex-basis:33.33%\">\n<figure class=\"wp-block-image size-large\"><img loading=\"lazy\" decoding=\"async\" width=\"680\" height=\"1024\" src=\"https:\/\/www.terresduson.com\/live\/wp-content\/uploads\/2025\/07\/benin2-680x1024.jpg\" alt=\"\" class=\"wp-image-2662\" srcset=\"https:\/\/www.terresduson.com\/live\/wp-content\/uploads\/2025\/07\/benin2-680x1024.jpg 680w, https:\/\/www.terresduson.com\/live\/wp-content\/uploads\/2025\/07\/benin2-199x300.jpg 199w, https:\/\/www.terresduson.com\/live\/wp-content\/uploads\/2025\/07\/benin2-768x1156.jpg 768w, https:\/\/www.terresduson.com\/live\/wp-content\/uploads\/2025\/07\/benin2.avif 800w\" sizes=\"auto, (max-width: 680px) 100vw, 680px\" \/><\/figure>\n<\/div>\n<\/div>\n\n\n\n<h3 class=\"wp-block-heading\">G &#8211; Vous jouez aujourd&rsquo;hui \u00e0&nbsp; 21h50 sur la sc\u00e8ne du chapiteau. Comment vous appr\u00e9hendez cela ? Avez vous un mots pour les festivalier.es ?<\/h3>\n\n\n\n<p>Les regards de Amessiamey et Jimmy Belah se sont crois\u00e9s. D\u2019une impulsion commune, nous avons eu la chance d&rsquo;assister \u00e0 une improvisation \u00e0 capella. Leur \u00e9nergie d\u00e9bordante a voyag\u00e9 jusqu\u2019au chapiteau et \u00e0 enflamm\u00e9 le public.<\/p>\n\n\n\n<div style=\"height:36px\" aria-hidden=\"true\" class=\"wp-block-spacer\"><\/div>\n\n\n\n<figure class=\"wp-block-image size-large\"><img loading=\"lazy\" decoding=\"async\" width=\"1024\" height=\"678\" src=\"https:\/\/www.terresduson.com\/live\/wp-content\/uploads\/2025\/07\/benin3-1024x678.jpg\" alt=\"\" class=\"wp-image-2663\" srcset=\"https:\/\/www.terresduson.com\/live\/wp-content\/uploads\/2025\/07\/benin3-1024x678.jpg 1024w, https:\/\/www.terresduson.com\/live\/wp-content\/uploads\/2025\/07\/benin3-300x199.jpg 300w, https:\/\/www.terresduson.com\/live\/wp-content\/uploads\/2025\/07\/benin3-768x508.jpg 768w, https:\/\/www.terresduson.com\/live\/wp-content\/uploads\/2025\/07\/benin3.avif 1280w\" sizes=\"auto, (max-width: 1024px) 100vw, 1024px\" \/><\/figure>\n","protected":false},"excerpt":{"rendered":"<p>Autrices : Loicia F.et Charline L. | Cr\u00e9dit Photos : Chlo\u00e9 Viratelle La gazette de Terres du son a eu la chance d\u2019avoir pu \u00e9changer quelques instants avec Amessiamey et Jimmy Belah. En abordant les diff\u00e9rentes sonorit\u00e9s b\u00e9ninoises, les deux artistes ont pr\u00e9sent\u00e9 leur collectif. Ils se r\u00e9approprient des rythmes vodouns \u00e0 travers des tonalit\u00e9s [&hellip;]<\/p>\n","protected":false},"author":1,"featured_media":2664,"comment_status":"closed","ping_status":"closed","sticky":false,"template":"","format":"standard","meta":{"_acf_changed":false,"footnotes":""},"categories":[95,78,23,89],"tags":[],"class_list":["post-2660","post","type-post","status-publish","format-standard","has-post-thumbnail","hentry","category-cat","category-interview","category-jour","category-vendredi"],"acf":[],"yoast_head":"<!-- This site is optimized with the Yoast SEO plugin v25.5 - https:\/\/yoast.com\/wordpress\/plugins\/seo\/ -->\n<title>B\u00e9nin international musical - Gazette live - Festival Terres du son<\/title>\n<meta name=\"robots\" content=\"index, follow, max-snippet:-1, max-image-preview:large, max-video-preview:-1\" \/>\n<link rel=\"canonical\" href=\"https:\/\/www.terresduson.com\/live\/benin-international-musical\/\" \/>\n<meta property=\"og:locale\" content=\"fr_FR\" \/>\n<meta property=\"og:type\" content=\"article\" \/>\n<meta property=\"og:title\" content=\"B\u00e9nin international musical - Gazette live - Festival Terres du son\" \/>\n<meta property=\"og:description\" content=\"Autrices : Loicia F.et Charline L. | Cr\u00e9dit Photos : Chlo\u00e9 Viratelle La gazette de Terres du son a eu la chance d\u2019avoir pu \u00e9changer quelques instants avec Amessiamey et Jimmy Belah. En abordant les diff\u00e9rentes sonorit\u00e9s b\u00e9ninoises, les deux artistes ont pr\u00e9sent\u00e9 leur collectif. Ils se r\u00e9approprient des rythmes vodouns \u00e0 travers des tonalit\u00e9s [&hellip;]\" \/>\n<meta property=\"og:url\" content=\"https:\/\/www.terresduson.com\/live\/benin-international-musical\/\" \/>\n<meta property=\"og:site_name\" content=\"Gazette live - Festival Terres du son\" \/>\n<meta property=\"article:publisher\" content=\"https:\/\/www.facebook.com\/festivalterresduson\/\" \/>\n<meta property=\"article:published_time\" content=\"2025-07-13T15:01:38+00:00\" \/>\n<meta property=\"article:modified_time\" content=\"2025-07-14T10:39:23+00:00\" \/>\n<meta property=\"og:image\" content=\"https:\/\/www.terresduson.com\/live\/wp-content\/uploads\/2019\/07\/fb_tds2019w.jpg\" \/>\n\t<meta property=\"og:image:width\" content=\"1024\" \/>\n\t<meta property=\"og:image:height\" content=\"521\" \/>\n\t<meta property=\"og:image:type\" content=\"image\/jpeg\" \/>\n<meta name=\"author\" content=\"Ludovic Evelin\" \/>\n<meta name=\"twitter:card\" content=\"summary_large_image\" \/>\n<meta name=\"twitter:creator\" content=\"@Terres_du_Son\" \/>\n<meta name=\"twitter:site\" content=\"@Terres_du_Son\" \/>\n<meta name=\"twitter:label1\" content=\"\u00c9crit par\" \/>\n\t<meta name=\"twitter:data1\" content=\"Ludovic Evelin\" \/>\n\t<meta name=\"twitter:label2\" content=\"Dur\u00e9e de lecture estim\u00e9e\" \/>\n\t<meta name=\"twitter:data2\" content=\"3 minutes\" \/>\n<script type=\"application\/ld+json\" class=\"yoast-schema-graph\">{\"@context\":\"https:\/\/schema.org\",\"@graph\":[{\"@type\":\"Article\",\"@id\":\"https:\/\/www.terresduson.com\/live\/benin-international-musical\/#article\",\"isPartOf\":{\"@id\":\"https:\/\/www.terresduson.com\/live\/benin-international-musical\/\"},\"author\":{\"name\":\"Ludovic Evelin\",\"@id\":\"https:\/\/www.terresduson.com\/live\/#\/schema\/person\/d3e072cb1a1cc4d7ecf46056412e0e94\"},\"headline\":\"B\u00e9nin international musical\",\"datePublished\":\"2025-07-13T15:01:38+00:00\",\"dateModified\":\"2025-07-14T10:39:23+00:00\",\"mainEntityOfPage\":{\"@id\":\"https:\/\/www.terresduson.com\/live\/benin-international-musical\/\"},\"wordCount\":447,\"publisher\":{\"@id\":\"https:\/\/www.terresduson.com\/live\/#organization\"},\"image\":{\"@id\":\"https:\/\/www.terresduson.com\/live\/benin-international-musical\/#primaryimage\"},\"thumbnailUrl\":\"https:\/\/www.terresduson.com\/live\/wp-content\/uploads\/2025\/07\/benin-min.avif\",\"articleSection\":[\"Cat\",\"Interview\",\"Jour\",\"Vendredi\"],\"inLanguage\":\"fr-FR\"},{\"@type\":\"WebPage\",\"@id\":\"https:\/\/www.terresduson.com\/live\/benin-international-musical\/\",\"url\":\"https:\/\/www.terresduson.com\/live\/benin-international-musical\/\",\"name\":\"B\u00e9nin international musical - Gazette live - Festival Terres du son\",\"isPartOf\":{\"@id\":\"https:\/\/www.terresduson.com\/live\/#website\"},\"primaryImageOfPage\":{\"@id\":\"https:\/\/www.terresduson.com\/live\/benin-international-musical\/#primaryimage\"},\"image\":{\"@id\":\"https:\/\/www.terresduson.com\/live\/benin-international-musical\/#primaryimage\"},\"thumbnailUrl\":\"https:\/\/www.terresduson.com\/live\/wp-content\/uploads\/2025\/07\/benin-min.avif\",\"datePublished\":\"2025-07-13T15:01:38+00:00\",\"dateModified\":\"2025-07-14T10:39:23+00:00\",\"breadcrumb\":{\"@id\":\"https:\/\/www.terresduson.com\/live\/benin-international-musical\/#breadcrumb\"},\"inLanguage\":\"fr-FR\",\"potentialAction\":[{\"@type\":\"ReadAction\",\"target\":[\"https:\/\/www.terresduson.com\/live\/benin-international-musical\/\"]}]},{\"@type\":\"ImageObject\",\"inLanguage\":\"fr-FR\",\"@id\":\"https:\/\/www.terresduson.com\/live\/benin-international-musical\/#primaryimage\",\"url\":\"https:\/\/www.terresduson.com\/live\/wp-content\/uploads\/2025\/07\/benin-min.avif\",\"contentUrl\":\"https:\/\/www.terresduson.com\/live\/wp-content\/uploads\/2025\/07\/benin-min.avif\",\"width\":800,\"height\":591},{\"@type\":\"BreadcrumbList\",\"@id\":\"https:\/\/www.terresduson.com\/live\/benin-international-musical\/#breadcrumb\",\"itemListElement\":[{\"@type\":\"ListItem\",\"position\":1,\"name\":\"Accueil\",\"item\":\"https:\/\/www.terresduson.com\/live\/\"},{\"@type\":\"ListItem\",\"position\":2,\"name\":\"B\u00e9nin international musical\"}]},{\"@type\":\"WebSite\",\"@id\":\"https:\/\/www.terresduson.com\/live\/#website\",\"url\":\"https:\/\/www.terresduson.com\/live\/\",\"name\":\"Gazette live - Festival Terres du son\",\"description\":\"11, 12, 13 juillet 2025\",\"publisher\":{\"@id\":\"https:\/\/www.terresduson.com\/live\/#organization\"},\"potentialAction\":[{\"@type\":\"SearchAction\",\"target\":{\"@type\":\"EntryPoint\",\"urlTemplate\":\"https:\/\/www.terresduson.com\/live\/?s={search_term_string}\"},\"query-input\":{\"@type\":\"PropertyValueSpecification\",\"valueRequired\":true,\"valueName\":\"search_term_string\"}}],\"inLanguage\":\"fr-FR\"},{\"@type\":\"Organization\",\"@id\":\"https:\/\/www.terresduson.com\/live\/#organization\",\"name\":\"Terres du son\",\"url\":\"https:\/\/www.terresduson.com\/live\/\",\"logo\":{\"@type\":\"ImageObject\",\"inLanguage\":\"fr-FR\",\"@id\":\"https:\/\/www.terresduson.com\/live\/#\/schema\/logo\/image\/\",\"url\":\"https:\/\/www.terresduson.com\/live\/wp-content\/uploads\/2018\/07\/bandeau_tds_live.png\",\"contentUrl\":\"https:\/\/www.terresduson.com\/live\/wp-content\/uploads\/2018\/07\/bandeau_tds_live.png\",\"width\":1024,\"height\":500,\"caption\":\"Terres du son\"},\"image\":{\"@id\":\"https:\/\/www.terresduson.com\/live\/#\/schema\/logo\/image\/\"},\"sameAs\":[\"https:\/\/www.facebook.com\/festivalterresduson\/\",\"https:\/\/x.com\/Terres_du_Son\",\"https:\/\/www.instagram.com\/terresduson\/\",\"https:\/\/www.youtube.com\/channel\/UCugRO-2-oo70oC9mf2iHWMA\"]},{\"@type\":\"Person\",\"@id\":\"https:\/\/www.terresduson.com\/live\/#\/schema\/person\/d3e072cb1a1cc4d7ecf46056412e0e94\",\"name\":\"Ludovic Evelin\",\"image\":{\"@type\":\"ImageObject\",\"inLanguage\":\"fr-FR\",\"@id\":\"https:\/\/www.terresduson.com\/live\/#\/schema\/person\/image\/\",\"url\":\"https:\/\/secure.gravatar.com\/avatar\/84f754c34def02a65d67b21b964ec99e47424cef21eb7a1dc47023fab4424834?s=96&d=mm&r=g\",\"contentUrl\":\"https:\/\/secure.gravatar.com\/avatar\/84f754c34def02a65d67b21b964ec99e47424cef21eb7a1dc47023fab4424834?s=96&d=mm&r=g\",\"caption\":\"Ludovic Evelin\"},\"url\":\"https:\/\/www.terresduson.com\/live\/author\/ludo\/\"}]}<\/script>\n<!-- \/ Yoast SEO plugin. -->","yoast_head_json":{"title":"B\u00e9nin international musical - Gazette live - Festival Terres du son","robots":{"index":"index","follow":"follow","max-snippet":"max-snippet:-1","max-image-preview":"max-image-preview:large","max-video-preview":"max-video-preview:-1"},"canonical":"https:\/\/www.terresduson.com\/live\/benin-international-musical\/","og_locale":"fr_FR","og_type":"article","og_title":"B\u00e9nin international musical - Gazette live - Festival Terres du son","og_description":"Autrices : Loicia F.et Charline L. | Cr\u00e9dit Photos : Chlo\u00e9 Viratelle La gazette de Terres du son a eu la chance d\u2019avoir pu \u00e9changer quelques instants avec Amessiamey et Jimmy Belah. En abordant les diff\u00e9rentes sonorit\u00e9s b\u00e9ninoises, les deux artistes ont pr\u00e9sent\u00e9 leur collectif. Ils se r\u00e9approprient des rythmes vodouns \u00e0 travers des tonalit\u00e9s [&hellip;]","og_url":"https:\/\/www.terresduson.com\/live\/benin-international-musical\/","og_site_name":"Gazette live - Festival Terres du son","article_publisher":"https:\/\/www.facebook.com\/festivalterresduson\/","article_published_time":"2025-07-13T15:01:38+00:00","article_modified_time":"2025-07-14T10:39:23+00:00","og_image":[{"width":1024,"height":521,"url":"https:\/\/www.terresduson.com\/live\/wp-content\/uploads\/2019\/07\/fb_tds2019w.jpg","type":"image\/jpeg"}],"author":"Ludovic Evelin","twitter_card":"summary_large_image","twitter_creator":"@Terres_du_Son","twitter_site":"@Terres_du_Son","twitter_misc":{"\u00c9crit par":"Ludovic Evelin","Dur\u00e9e de lecture estim\u00e9e":"3 minutes"},"schema":{"@context":"https:\/\/schema.org","@graph":[{"@type":"Article","@id":"https:\/\/www.terresduson.com\/live\/benin-international-musical\/#article","isPartOf":{"@id":"https:\/\/www.terresduson.com\/live\/benin-international-musical\/"},"author":{"name":"Ludovic Evelin","@id":"https:\/\/www.terresduson.com\/live\/#\/schema\/person\/d3e072cb1a1cc4d7ecf46056412e0e94"},"headline":"B\u00e9nin international musical","datePublished":"2025-07-13T15:01:38+00:00","dateModified":"2025-07-14T10:39:23+00:00","mainEntityOfPage":{"@id":"https:\/\/www.terresduson.com\/live\/benin-international-musical\/"},"wordCount":447,"publisher":{"@id":"https:\/\/www.terresduson.com\/live\/#organization"},"image":{"@id":"https:\/\/www.terresduson.com\/live\/benin-international-musical\/#primaryimage"},"thumbnailUrl":"https:\/\/www.terresduson.com\/live\/wp-content\/uploads\/2025\/07\/benin-min.avif","articleSection":["Cat","Interview","Jour","Vendredi"],"inLanguage":"fr-FR"},{"@type":"WebPage","@id":"https:\/\/www.terresduson.com\/live\/benin-international-musical\/","url":"https:\/\/www.terresduson.com\/live\/benin-international-musical\/","name":"B\u00e9nin international musical - Gazette live - Festival Terres du son","isPartOf":{"@id":"https:\/\/www.terresduson.com\/live\/#website"},"primaryImageOfPage":{"@id":"https:\/\/www.terresduson.com\/live\/benin-international-musical\/#primaryimage"},"image":{"@id":"https:\/\/www.terresduson.com\/live\/benin-international-musical\/#primaryimage"},"thumbnailUrl":"https:\/\/www.terresduson.com\/live\/wp-content\/uploads\/2025\/07\/benin-min.avif","datePublished":"2025-07-13T15:01:38+00:00","dateModified":"2025-07-14T10:39:23+00:00","breadcrumb":{"@id":"https:\/\/www.terresduson.com\/live\/benin-international-musical\/#breadcrumb"},"inLanguage":"fr-FR","potentialAction":[{"@type":"ReadAction","target":["https:\/\/www.terresduson.com\/live\/benin-international-musical\/"]}]},{"@type":"ImageObject","inLanguage":"fr-FR","@id":"https:\/\/www.terresduson.com\/live\/benin-international-musical\/#primaryimage","url":"https:\/\/www.terresduson.com\/live\/wp-content\/uploads\/2025\/07\/benin-min.avif","contentUrl":"https:\/\/www.terresduson.com\/live\/wp-content\/uploads\/2025\/07\/benin-min.avif","width":800,"height":591},{"@type":"BreadcrumbList","@id":"https:\/\/www.terresduson.com\/live\/benin-international-musical\/#breadcrumb","itemListElement":[{"@type":"ListItem","position":1,"name":"Accueil","item":"https:\/\/www.terresduson.com\/live\/"},{"@type":"ListItem","position":2,"name":"B\u00e9nin international musical"}]},{"@type":"WebSite","@id":"https:\/\/www.terresduson.com\/live\/#website","url":"https:\/\/www.terresduson.com\/live\/","name":"Gazette live - Festival Terres du son","description":"11, 12, 13 juillet 2025","publisher":{"@id":"https:\/\/www.terresduson.com\/live\/#organization"},"potentialAction":[{"@type":"SearchAction","target":{"@type":"EntryPoint","urlTemplate":"https:\/\/www.terresduson.com\/live\/?s={search_term_string}"},"query-input":{"@type":"PropertyValueSpecification","valueRequired":true,"valueName":"search_term_string"}}],"inLanguage":"fr-FR"},{"@type":"Organization","@id":"https:\/\/www.terresduson.com\/live\/#organization","name":"Terres du son","url":"https:\/\/www.terresduson.com\/live\/","logo":{"@type":"ImageObject","inLanguage":"fr-FR","@id":"https:\/\/www.terresduson.com\/live\/#\/schema\/logo\/image\/","url":"https:\/\/www.terresduson.com\/live\/wp-content\/uploads\/2018\/07\/bandeau_tds_live.png","contentUrl":"https:\/\/www.terresduson.com\/live\/wp-content\/uploads\/2018\/07\/bandeau_tds_live.png","width":1024,"height":500,"caption":"Terres du son"},"image":{"@id":"https:\/\/www.terresduson.com\/live\/#\/schema\/logo\/image\/"},"sameAs":["https:\/\/www.facebook.com\/festivalterresduson\/","https:\/\/x.com\/Terres_du_Son","https:\/\/www.instagram.com\/terresduson\/","https:\/\/www.youtube.com\/channel\/UCugRO-2-oo70oC9mf2iHWMA"]},{"@type":"Person","@id":"https:\/\/www.terresduson.com\/live\/#\/schema\/person\/d3e072cb1a1cc4d7ecf46056412e0e94","name":"Ludovic Evelin","image":{"@type":"ImageObject","inLanguage":"fr-FR","@id":"https:\/\/www.terresduson.com\/live\/#\/schema\/person\/image\/","url":"https:\/\/secure.gravatar.com\/avatar\/84f754c34def02a65d67b21b964ec99e47424cef21eb7a1dc47023fab4424834?s=96&d=mm&r=g","contentUrl":"https:\/\/secure.gravatar.com\/avatar\/84f754c34def02a65d67b21b964ec99e47424cef21eb7a1dc47023fab4424834?s=96&d=mm&r=g","caption":"Ludovic Evelin"},"url":"https:\/\/www.terresduson.com\/live\/author\/ludo\/"}]}},"_links":{"self":[{"href":"https:\/\/www.terresduson.com\/live\/wp-json\/wp\/v2\/posts\/2660","targetHints":{"allow":["GET"]}}],"collection":[{"href":"https:\/\/www.terresduson.com\/live\/wp-json\/wp\/v2\/posts"}],"about":[{"href":"https:\/\/www.terresduson.com\/live\/wp-json\/wp\/v2\/types\/post"}],"author":[{"embeddable":true,"href":"https:\/\/www.terresduson.com\/live\/wp-json\/wp\/v2\/users\/1"}],"replies":[{"embeddable":true,"href":"https:\/\/www.terresduson.com\/live\/wp-json\/wp\/v2\/comments?post=2660"}],"version-history":[{"count":2,"href":"https:\/\/www.terresduson.com\/live\/wp-json\/wp\/v2\/posts\/2660\/revisions"}],"predecessor-version":[{"id":2685,"href":"https:\/\/www.terresduson.com\/live\/wp-json\/wp\/v2\/posts\/2660\/revisions\/2685"}],"wp:featuredmedia":[{"embeddable":true,"href":"https:\/\/www.terresduson.com\/live\/wp-json\/wp\/v2\/media\/2664"}],"wp:attachment":[{"href":"https:\/\/www.terresduson.com\/live\/wp-json\/wp\/v2\/media?parent=2660"}],"wp:term":[{"taxonomy":"category","embeddable":true,"href":"https:\/\/www.terresduson.com\/live\/wp-json\/wp\/v2\/categories?post=2660"},{"taxonomy":"post_tag","embeddable":true,"href":"https:\/\/www.terresduson.com\/live\/wp-json\/wp\/v2\/tags?post=2660"}],"curies":[{"name":"wp","href":"https:\/\/api.w.org\/{rel}","templated":true}]}}