{"id":2600,"date":"2025-07-12T21:21:02","date_gmt":"2025-07-12T19:21:02","guid":{"rendered":"https:\/\/www.terresduson.com\/live\/?p=2600"},"modified":"2025-07-12T21:21:27","modified_gmt":"2025-07-12T19:21:27","slug":"yuri-revient-en-2025","status":"publish","type":"post","link":"https:\/\/www.terresduson.com\/live\/yuri-revient-en-2025\/","title":{"rendered":"Yuri revient en 2025 !"},"content":{"rendered":"\n<p>YURI BUENAVENTURA A TERRES DU SON<\/p>\n\n\n\n<p>Il \u00e9tait l\u00e0 en 2005, il revient en 2025&#8230; <a href=\"https:\/\/www.facebook.com\/yuribuenaventuraofficiel?__cft__[0]=AZWLpG0Ezc8H3b1I-pyyCu8q3OTNz8O1_2mPr-UkBJqR-8ciZrbd28lTZ8721kMfy3E_E7LZpk332NxLZCOLvR-FL2rOmopjaLQtOTUYq5TY_pQJri5LyVefb_CkfGtCiSGe7QDQthoEjxGt4LkJ5OXF4Vda4XWOigfjuUZ6mXUi-g1gx_5Mtjjui6vIeV4CABqD_lK2o0zv2aBiQYh4eXJH&amp;__tn__=-]K*F\">Yuri Buenaventura<\/a> est l\u00e0 pour illuminer la Prairie de sa salsa colombienne !<\/p>\n\n\n\n<p>\ud83d\uddbc\ufe0f <a href=\"https:\/\/www.facebook.com\/FabienGarouPhoto?__cft__[0]=AZWLpG0Ezc8H3b1I-pyyCu8q3OTNz8O1_2mPr-UkBJqR-8ciZrbd28lTZ8721kMfy3E_E7LZpk332NxLZCOLvR-FL2rOmopjaLQtOTUYq5TY_pQJri5LyVefb_CkfGtCiSGe7QDQthoEjxGt4LkJ5OXF4Vda4XWOigfjuUZ6mXUi-g1gx_5Mtjjui6vIeV4CABqD_lK2o0zv2aBiQYh4eXJH&amp;__tn__=-]K*F\">Fabien Garou Photographie<\/a><\/p>\n","protected":false},"excerpt":{"rendered":"<p>YURI BUENAVENTURA A TERRES DU SON Il \u00e9tait l\u00e0 en 2005, il revient en 2025&#8230; Yuri Buenaventura est l\u00e0 pour illuminer la Prairie de sa salsa colombienne ! \ud83d\uddbc\ufe0f Fabien Garou Photographie<\/p>\n","protected":false},"author":1,"featured_media":2601,"comment_status":"closed","ping_status":"closed","sticky":false,"template":"","format":"image","meta":{"_acf_changed":false,"footnotes":""},"categories":[95,23,14,89],"tags":[],"class_list":["post-2600","post","type-post","status-publish","format-image","has-post-thumbnail","hentry","category-cat","category-jour","category-photos","category-vendredi","post_format-post-format-image"],"acf":[],"yoast_head":"<!-- This site is optimized with the Yoast SEO plugin v25.5 - https:\/\/yoast.com\/wordpress\/plugins\/seo\/ -->\n<title>Yuri revient en 2025 ! - Gazette live - Festival Terres du son<\/title>\n<meta name=\"robots\" content=\"index, follow, max-snippet:-1, max-image-preview:large, max-video-preview:-1\" \/>\n<link rel=\"canonical\" href=\"https:\/\/www.terresduson.com\/live\/yuri-revient-en-2025\/\" \/>\n<meta property=\"og:locale\" content=\"fr_FR\" \/>\n<meta property=\"og:type\" content=\"article\" \/>\n<meta property=\"og:title\" content=\"Yuri revient en 2025 ! - Gazette live - Festival Terres du son\" \/>\n<meta property=\"og:description\" content=\"YURI BUENAVENTURA A TERRES DU SON Il \u00e9tait l\u00e0 en 2005, il revient en 2025&#8230; Yuri Buenaventura est l\u00e0 pour illuminer la Prairie de sa salsa colombienne ! \ud83d\uddbc\ufe0f Fabien Garou Photographie\" \/>\n<meta property=\"og:url\" content=\"https:\/\/www.terresduson.com\/live\/yuri-revient-en-2025\/\" \/>\n<meta property=\"og:site_name\" content=\"Gazette live - Festival Terres du son\" \/>\n<meta property=\"article:publisher\" content=\"https:\/\/www.facebook.com\/festivalterresduson\/\" \/>\n<meta property=\"article:published_time\" content=\"2025-07-12T19:21:02+00:00\" \/>\n<meta property=\"article:modified_time\" content=\"2025-07-12T19:21:27+00:00\" \/>\n<meta property=\"og:image\" content=\"https:\/\/www.terresduson.com\/live\/wp-content\/uploads\/2019\/07\/fb_tds2019w.jpg\" \/>\n\t<meta property=\"og:image:width\" content=\"1024\" \/>\n\t<meta property=\"og:image:height\" content=\"521\" \/>\n\t<meta property=\"og:image:type\" content=\"image\/jpeg\" \/>\n<meta name=\"author\" content=\"Ludovic Evelin\" \/>\n<meta name=\"twitter:card\" content=\"summary_large_image\" \/>\n<meta name=\"twitter:creator\" content=\"@Terres_du_Son\" \/>\n<meta name=\"twitter:site\" content=\"@Terres_du_Son\" \/>\n<meta name=\"twitter:label1\" content=\"\u00c9crit par\" \/>\n\t<meta name=\"twitter:data1\" content=\"Ludovic Evelin\" \/>\n\t<meta name=\"twitter:label2\" content=\"Dur\u00e9e de lecture estim\u00e9e\" \/>\n\t<meta name=\"twitter:data2\" content=\"1 minute\" \/>\n<script type=\"application\/ld+json\" class=\"yoast-schema-graph\">{\"@context\":\"https:\/\/schema.org\",\"@graph\":[{\"@type\":\"Article\",\"@id\":\"https:\/\/www.terresduson.com\/live\/yuri-revient-en-2025\/#article\",\"isPartOf\":{\"@id\":\"https:\/\/www.terresduson.com\/live\/yuri-revient-en-2025\/\"},\"author\":{\"name\":\"Ludovic Evelin\",\"@id\":\"https:\/\/www.terresduson.com\/live\/#\/schema\/person\/d3e072cb1a1cc4d7ecf46056412e0e94\"},\"headline\":\"Yuri revient en 2025 !\",\"datePublished\":\"2025-07-12T19:21:02+00:00\",\"dateModified\":\"2025-07-12T19:21:27+00:00\",\"mainEntityOfPage\":{\"@id\":\"https:\/\/www.terresduson.com\/live\/yuri-revient-en-2025\/\"},\"wordCount\":31,\"publisher\":{\"@id\":\"https:\/\/www.terresduson.com\/live\/#organization\"},\"image\":{\"@id\":\"https:\/\/www.terresduson.com\/live\/yuri-revient-en-2025\/#primaryimage\"},\"thumbnailUrl\":\"https:\/\/www.terresduson.com\/live\/wp-content\/uploads\/2025\/07\/yuri-min.avif\",\"articleSection\":[\"Cat\",\"Jour\",\"Photo\",\"Vendredi\"],\"inLanguage\":\"fr-FR\"},{\"@type\":\"WebPage\",\"@id\":\"https:\/\/www.terresduson.com\/live\/yuri-revient-en-2025\/\",\"url\":\"https:\/\/www.terresduson.com\/live\/yuri-revient-en-2025\/\",\"name\":\"Yuri revient en 2025 ! - Gazette live - Festival Terres du son\",\"isPartOf\":{\"@id\":\"https:\/\/www.terresduson.com\/live\/#website\"},\"primaryImageOfPage\":{\"@id\":\"https:\/\/www.terresduson.com\/live\/yuri-revient-en-2025\/#primaryimage\"},\"image\":{\"@id\":\"https:\/\/www.terresduson.com\/live\/yuri-revient-en-2025\/#primaryimage\"},\"thumbnailUrl\":\"https:\/\/www.terresduson.com\/live\/wp-content\/uploads\/2025\/07\/yuri-min.avif\",\"datePublished\":\"2025-07-12T19:21:02+00:00\",\"dateModified\":\"2025-07-12T19:21:27+00:00\",\"breadcrumb\":{\"@id\":\"https:\/\/www.terresduson.com\/live\/yuri-revient-en-2025\/#breadcrumb\"},\"inLanguage\":\"fr-FR\",\"potentialAction\":[{\"@type\":\"ReadAction\",\"target\":[\"https:\/\/www.terresduson.com\/live\/yuri-revient-en-2025\/\"]}]},{\"@type\":\"ImageObject\",\"inLanguage\":\"fr-FR\",\"@id\":\"https:\/\/www.terresduson.com\/live\/yuri-revient-en-2025\/#primaryimage\",\"url\":\"https:\/\/www.terresduson.com\/live\/wp-content\/uploads\/2025\/07\/yuri-min.avif\",\"contentUrl\":\"https:\/\/www.terresduson.com\/live\/wp-content\/uploads\/2025\/07\/yuri-min.avif\",\"width\":800,\"height\":533},{\"@type\":\"BreadcrumbList\",\"@id\":\"https:\/\/www.terresduson.com\/live\/yuri-revient-en-2025\/#breadcrumb\",\"itemListElement\":[{\"@type\":\"ListItem\",\"position\":1,\"name\":\"Accueil\",\"item\":\"https:\/\/www.terresduson.com\/live\/\"},{\"@type\":\"ListItem\",\"position\":2,\"name\":\"Yuri revient en 2025 !\"}]},{\"@type\":\"WebSite\",\"@id\":\"https:\/\/www.terresduson.com\/live\/#website\",\"url\":\"https:\/\/www.terresduson.com\/live\/\",\"name\":\"Gazette live - Festival Terres du son\",\"description\":\"11, 12, 13 juillet 2025\",\"publisher\":{\"@id\":\"https:\/\/www.terresduson.com\/live\/#organization\"},\"potentialAction\":[{\"@type\":\"SearchAction\",\"target\":{\"@type\":\"EntryPoint\",\"urlTemplate\":\"https:\/\/www.terresduson.com\/live\/?s={search_term_string}\"},\"query-input\":{\"@type\":\"PropertyValueSpecification\",\"valueRequired\":true,\"valueName\":\"search_term_string\"}}],\"inLanguage\":\"fr-FR\"},{\"@type\":\"Organization\",\"@id\":\"https:\/\/www.terresduson.com\/live\/#organization\",\"name\":\"Terres du son\",\"url\":\"https:\/\/www.terresduson.com\/live\/\",\"logo\":{\"@type\":\"ImageObject\",\"inLanguage\":\"fr-FR\",\"@id\":\"https:\/\/www.terresduson.com\/live\/#\/schema\/logo\/image\/\",\"url\":\"https:\/\/www.terresduson.com\/live\/wp-content\/uploads\/2018\/07\/bandeau_tds_live.png\",\"contentUrl\":\"https:\/\/www.terresduson.com\/live\/wp-content\/uploads\/2018\/07\/bandeau_tds_live.png\",\"width\":1024,\"height\":500,\"caption\":\"Terres du son\"},\"image\":{\"@id\":\"https:\/\/www.terresduson.com\/live\/#\/schema\/logo\/image\/\"},\"sameAs\":[\"https:\/\/www.facebook.com\/festivalterresduson\/\",\"https:\/\/x.com\/Terres_du_Son\",\"https:\/\/www.instagram.com\/terresduson\/\",\"https:\/\/www.youtube.com\/channel\/UCugRO-2-oo70oC9mf2iHWMA\"]},{\"@type\":\"Person\",\"@id\":\"https:\/\/www.terresduson.com\/live\/#\/schema\/person\/d3e072cb1a1cc4d7ecf46056412e0e94\",\"name\":\"Ludovic Evelin\",\"image\":{\"@type\":\"ImageObject\",\"inLanguage\":\"fr-FR\",\"@id\":\"https:\/\/www.terresduson.com\/live\/#\/schema\/person\/image\/\",\"url\":\"https:\/\/secure.gravatar.com\/avatar\/84f754c34def02a65d67b21b964ec99e47424cef21eb7a1dc47023fab4424834?s=96&d=mm&r=g\",\"contentUrl\":\"https:\/\/secure.gravatar.com\/avatar\/84f754c34def02a65d67b21b964ec99e47424cef21eb7a1dc47023fab4424834?s=96&d=mm&r=g\",\"caption\":\"Ludovic Evelin\"},\"url\":\"https:\/\/www.terresduson.com\/live\/author\/ludo\/\"}]}<\/script>\n<!-- \/ Yoast SEO plugin. -->","yoast_head_json":{"title":"Yuri revient en 2025 ! - Gazette live - Festival Terres du son","robots":{"index":"index","follow":"follow","max-snippet":"max-snippet:-1","max-image-preview":"max-image-preview:large","max-video-preview":"max-video-preview:-1"},"canonical":"https:\/\/www.terresduson.com\/live\/yuri-revient-en-2025\/","og_locale":"fr_FR","og_type":"article","og_title":"Yuri revient en 2025 ! - Gazette live - Festival Terres du son","og_description":"YURI BUENAVENTURA A TERRES DU SON Il \u00e9tait l\u00e0 en 2005, il revient en 2025&#8230; Yuri Buenaventura est l\u00e0 pour illuminer la Prairie de sa salsa colombienne ! \ud83d\uddbc\ufe0f Fabien Garou Photographie","og_url":"https:\/\/www.terresduson.com\/live\/yuri-revient-en-2025\/","og_site_name":"Gazette live - Festival Terres du son","article_publisher":"https:\/\/www.facebook.com\/festivalterresduson\/","article_published_time":"2025-07-12T19:21:02+00:00","article_modified_time":"2025-07-12T19:21:27+00:00","og_image":[{"width":1024,"height":521,"url":"https:\/\/www.terresduson.com\/live\/wp-content\/uploads\/2019\/07\/fb_tds2019w.jpg","type":"image\/jpeg"}],"author":"Ludovic Evelin","twitter_card":"summary_large_image","twitter_creator":"@Terres_du_Son","twitter_site":"@Terres_du_Son","twitter_misc":{"\u00c9crit par":"Ludovic Evelin","Dur\u00e9e de lecture estim\u00e9e":"1 minute"},"schema":{"@context":"https:\/\/schema.org","@graph":[{"@type":"Article","@id":"https:\/\/www.terresduson.com\/live\/yuri-revient-en-2025\/#article","isPartOf":{"@id":"https:\/\/www.terresduson.com\/live\/yuri-revient-en-2025\/"},"author":{"name":"Ludovic Evelin","@id":"https:\/\/www.terresduson.com\/live\/#\/schema\/person\/d3e072cb1a1cc4d7ecf46056412e0e94"},"headline":"Yuri revient en 2025 !","datePublished":"2025-07-12T19:21:02+00:00","dateModified":"2025-07-12T19:21:27+00:00","mainEntityOfPage":{"@id":"https:\/\/www.terresduson.com\/live\/yuri-revient-en-2025\/"},"wordCount":31,"publisher":{"@id":"https:\/\/www.terresduson.com\/live\/#organization"},"image":{"@id":"https:\/\/www.terresduson.com\/live\/yuri-revient-en-2025\/#primaryimage"},"thumbnailUrl":"https:\/\/www.terresduson.com\/live\/wp-content\/uploads\/2025\/07\/yuri-min.avif","articleSection":["Cat","Jour","Photo","Vendredi"],"inLanguage":"fr-FR"},{"@type":"WebPage","@id":"https:\/\/www.terresduson.com\/live\/yuri-revient-en-2025\/","url":"https:\/\/www.terresduson.com\/live\/yuri-revient-en-2025\/","name":"Yuri revient en 2025 ! - Gazette live - Festival Terres du son","isPartOf":{"@id":"https:\/\/www.terresduson.com\/live\/#website"},"primaryImageOfPage":{"@id":"https:\/\/www.terresduson.com\/live\/yuri-revient-en-2025\/#primaryimage"},"image":{"@id":"https:\/\/www.terresduson.com\/live\/yuri-revient-en-2025\/#primaryimage"},"thumbnailUrl":"https:\/\/www.terresduson.com\/live\/wp-content\/uploads\/2025\/07\/yuri-min.avif","datePublished":"2025-07-12T19:21:02+00:00","dateModified":"2025-07-12T19:21:27+00:00","breadcrumb":{"@id":"https:\/\/www.terresduson.com\/live\/yuri-revient-en-2025\/#breadcrumb"},"inLanguage":"fr-FR","potentialAction":[{"@type":"ReadAction","target":["https:\/\/www.terresduson.com\/live\/yuri-revient-en-2025\/"]}]},{"@type":"ImageObject","inLanguage":"fr-FR","@id":"https:\/\/www.terresduson.com\/live\/yuri-revient-en-2025\/#primaryimage","url":"https:\/\/www.terresduson.com\/live\/wp-content\/uploads\/2025\/07\/yuri-min.avif","contentUrl":"https:\/\/www.terresduson.com\/live\/wp-content\/uploads\/2025\/07\/yuri-min.avif","width":800,"height":533},{"@type":"BreadcrumbList","@id":"https:\/\/www.terresduson.com\/live\/yuri-revient-en-2025\/#breadcrumb","itemListElement":[{"@type":"ListItem","position":1,"name":"Accueil","item":"https:\/\/www.terresduson.com\/live\/"},{"@type":"ListItem","position":2,"name":"Yuri revient en 2025 !"}]},{"@type":"WebSite","@id":"https:\/\/www.terresduson.com\/live\/#website","url":"https:\/\/www.terresduson.com\/live\/","name":"Gazette live - Festival Terres du son","description":"11, 12, 13 juillet 2025","publisher":{"@id":"https:\/\/www.terresduson.com\/live\/#organization"},"potentialAction":[{"@type":"SearchAction","target":{"@type":"EntryPoint","urlTemplate":"https:\/\/www.terresduson.com\/live\/?s={search_term_string}"},"query-input":{"@type":"PropertyValueSpecification","valueRequired":true,"valueName":"search_term_string"}}],"inLanguage":"fr-FR"},{"@type":"Organization","@id":"https:\/\/www.terresduson.com\/live\/#organization","name":"Terres du son","url":"https:\/\/www.terresduson.com\/live\/","logo":{"@type":"ImageObject","inLanguage":"fr-FR","@id":"https:\/\/www.terresduson.com\/live\/#\/schema\/logo\/image\/","url":"https:\/\/www.terresduson.com\/live\/wp-content\/uploads\/2018\/07\/bandeau_tds_live.png","contentUrl":"https:\/\/www.terresduson.com\/live\/wp-content\/uploads\/2018\/07\/bandeau_tds_live.png","width":1024,"height":500,"caption":"Terres du son"},"image":{"@id":"https:\/\/www.terresduson.com\/live\/#\/schema\/logo\/image\/"},"sameAs":["https:\/\/www.facebook.com\/festivalterresduson\/","https:\/\/x.com\/Terres_du_Son","https:\/\/www.instagram.com\/terresduson\/","https:\/\/www.youtube.com\/channel\/UCugRO-2-oo70oC9mf2iHWMA"]},{"@type":"Person","@id":"https:\/\/www.terresduson.com\/live\/#\/schema\/person\/d3e072cb1a1cc4d7ecf46056412e0e94","name":"Ludovic Evelin","image":{"@type":"ImageObject","inLanguage":"fr-FR","@id":"https:\/\/www.terresduson.com\/live\/#\/schema\/person\/image\/","url":"https:\/\/secure.gravatar.com\/avatar\/84f754c34def02a65d67b21b964ec99e47424cef21eb7a1dc47023fab4424834?s=96&d=mm&r=g","contentUrl":"https:\/\/secure.gravatar.com\/avatar\/84f754c34def02a65d67b21b964ec99e47424cef21eb7a1dc47023fab4424834?s=96&d=mm&r=g","caption":"Ludovic Evelin"},"url":"https:\/\/www.terresduson.com\/live\/author\/ludo\/"}]}},"_links":{"self":[{"href":"https:\/\/www.terresduson.com\/live\/wp-json\/wp\/v2\/posts\/2600","targetHints":{"allow":["GET"]}}],"collection":[{"href":"https:\/\/www.terresduson.com\/live\/wp-json\/wp\/v2\/posts"}],"about":[{"href":"https:\/\/www.terresduson.com\/live\/wp-json\/wp\/v2\/types\/post"}],"author":[{"embeddable":true,"href":"https:\/\/www.terresduson.com\/live\/wp-json\/wp\/v2\/users\/1"}],"replies":[{"embeddable":true,"href":"https:\/\/www.terresduson.com\/live\/wp-json\/wp\/v2\/comments?post=2600"}],"version-history":[{"count":2,"href":"https:\/\/www.terresduson.com\/live\/wp-json\/wp\/v2\/posts\/2600\/revisions"}],"predecessor-version":[{"id":2604,"href":"https:\/\/www.terresduson.com\/live\/wp-json\/wp\/v2\/posts\/2600\/revisions\/2604"}],"wp:featuredmedia":[{"embeddable":true,"href":"https:\/\/www.terresduson.com\/live\/wp-json\/wp\/v2\/media\/2601"}],"wp:attachment":[{"href":"https:\/\/www.terresduson.com\/live\/wp-json\/wp\/v2\/media?parent=2600"}],"wp:term":[{"taxonomy":"category","embeddable":true,"href":"https:\/\/www.terresduson.com\/live\/wp-json\/wp\/v2\/categories?post=2600"},{"taxonomy":"post_tag","embeddable":true,"href":"https:\/\/www.terresduson.com\/live\/wp-json\/wp\/v2\/tags?post=2600"}],"curies":[{"name":"wp","href":"https:\/\/api.w.org\/{rel}","templated":true}]}}