{"id":2533,"date":"2025-07-12T13:44:29","date_gmt":"2025-07-12T11:44:29","guid":{"rendered":"https:\/\/www.terresduson.com\/live\/?p=2533"},"modified":"2025-07-12T13:44:29","modified_gmt":"2025-07-12T11:44:29","slug":"les-stands-sur-leco-village","status":"publish","type":"post","link":"https:\/\/www.terresduson.com\/live\/les-stands-sur-leco-village\/","title":{"rendered":"Les stands sur l&rsquo;\u00e9co-village !"},"content":{"rendered":"\n<p>[\ud83c\udf3f \u00c9CO-VILLAGE \u2013 LES ASSOS SONT L\u00c0 !]<br>Conna\u00eetre, comprendre, agir : au c\u0153ur de Terres du Son, l\u2019\u00c9co-Village rassemble chaque ann\u00e9e des dizaines d\u2019associations engag\u00e9es venues partager leurs savoirs, leurs luttes et leurs id\u00e9es \ud83d\udcac<br>Climat, \u00e9galit\u00e9, solidarit\u00e9s, sant\u00e9, droits, biodiversit\u00e9, alternatives concr\u00e8tes\u2026 autant de sujets \u00e0 d\u00e9couvrir dans un esprit de dialogue, de p\u00e9dagogie et de f\u00eate \ud83c\udf89<br>Profite de ta venue pour \u00e9changer, t\u2019informer, fabriquer, questionner ou simplement \u00e9couter.<br>L\u2019engagement, c\u2019est encore mieux quand il est collectif \u270a<br>\ud83c\udfa5 Vid\u00e9o : Le Cercle Digital<\/p>\n\n\n\n<p>C&rsquo;est par ici sur TikTok :<\/p>\n\n\n\n<p><a href=\"https:\/\/www.tiktok.com\/@festival.terres.du.son\/video\/7525856907458809110?is_from_webapp=1&amp;sender_device=pc&amp;web_id=7500951015895795222\" data-type=\"link\" data-id=\"https:\/\/www.tiktok.com\/@festival.terres.du.son\/video\/7525856907458809110?is_from_webapp=1&amp;sender_device=pc&amp;web_id=7500951015895795222\" target=\"_blank\" rel=\"noreferrer noopener\">@festival.terres.du.son<\/a><\/p>\n\n\n\n<div style=\"height:36px\" aria-hidden=\"true\" class=\"wp-block-spacer\"><\/div>\n\n\n\n<figure class=\"wp-block-image size-full\"><img loading=\"lazy\" decoding=\"async\" width=\"1006\" height=\"951\" src=\"https:\/\/www.terresduson.com\/live\/wp-content\/uploads\/2025\/07\/stand.avif\" alt=\"\" class=\"wp-image-2534\" srcset=\"https:\/\/www.terresduson.com\/live\/wp-content\/uploads\/2025\/07\/stand.avif 1006w, https:\/\/www.terresduson.com\/live\/wp-content\/uploads\/2025\/07\/stand-300x284.jpg 300w, https:\/\/www.terresduson.com\/live\/wp-content\/uploads\/2025\/07\/stand-768x726.jpg 768w\" sizes=\"auto, (max-width: 1006px) 100vw, 1006px\" \/><\/figure>\n","protected":false},"excerpt":{"rendered":"<p>[\ud83c\udf3f \u00c9CO-VILLAGE \u2013 LES ASSOS SONT L\u00c0 !]Conna\u00eetre, comprendre, agir : au c\u0153ur de Terres du Son, l\u2019\u00c9co-Village rassemble chaque ann\u00e9e des dizaines d\u2019associations engag\u00e9es venues partager leurs savoirs, leurs luttes et leurs id\u00e9es \ud83d\udcacClimat, \u00e9galit\u00e9, solidarit\u00e9s, sant\u00e9, droits, biodiversit\u00e9, alternatives concr\u00e8tes\u2026 autant de sujets \u00e0 d\u00e9couvrir dans un esprit de dialogue, de p\u00e9dagogie et [&hellip;]<\/p>\n","protected":false},"author":1,"featured_media":2534,"comment_status":"closed","ping_status":"closed","sticky":false,"template":"","format":"standard","meta":{"_acf_changed":false,"footnotes":""},"categories":[95,23,89,12],"tags":[],"class_list":["post-2533","post","type-post","status-publish","format-standard","has-post-thumbnail","hentry","category-cat","category-jour","category-vendredi","category-videos"],"acf":[],"yoast_head":"<!-- This site is optimized with the Yoast SEO plugin v25.5 - https:\/\/yoast.com\/wordpress\/plugins\/seo\/ -->\n<title>Les stands sur l&#039;\u00e9co-village ! - Gazette live - Festival Terres du son<\/title>\n<meta name=\"robots\" content=\"index, follow, max-snippet:-1, max-image-preview:large, max-video-preview:-1\" \/>\n<link rel=\"canonical\" href=\"https:\/\/www.terresduson.com\/live\/les-stands-sur-leco-village\/\" \/>\n<meta property=\"og:locale\" content=\"fr_FR\" \/>\n<meta property=\"og:type\" content=\"article\" \/>\n<meta property=\"og:title\" content=\"Les stands sur l&#039;\u00e9co-village ! - Gazette live - Festival Terres du son\" \/>\n<meta property=\"og:description\" content=\"[\ud83c\udf3f \u00c9CO-VILLAGE \u2013 LES ASSOS SONT L\u00c0 !]Conna\u00eetre, comprendre, agir : au c\u0153ur de Terres du Son, l\u2019\u00c9co-Village rassemble chaque ann\u00e9e des dizaines d\u2019associations engag\u00e9es venues partager leurs savoirs, leurs luttes et leurs id\u00e9es \ud83d\udcacClimat, \u00e9galit\u00e9, solidarit\u00e9s, sant\u00e9, droits, biodiversit\u00e9, alternatives concr\u00e8tes\u2026 autant de sujets \u00e0 d\u00e9couvrir dans un esprit de dialogue, de p\u00e9dagogie et [&hellip;]\" \/>\n<meta property=\"og:url\" content=\"https:\/\/www.terresduson.com\/live\/les-stands-sur-leco-village\/\" \/>\n<meta property=\"og:site_name\" content=\"Gazette live - Festival Terres du son\" \/>\n<meta property=\"article:publisher\" content=\"https:\/\/www.facebook.com\/festivalterresduson\/\" \/>\n<meta property=\"article:published_time\" content=\"2025-07-12T11:44:29+00:00\" \/>\n<meta property=\"og:image\" content=\"https:\/\/www.terresduson.com\/live\/wp-content\/uploads\/2019\/07\/fb_tds2019w.jpg\" \/>\n\t<meta property=\"og:image:width\" content=\"1024\" \/>\n\t<meta property=\"og:image:height\" content=\"521\" \/>\n\t<meta property=\"og:image:type\" content=\"image\/jpeg\" \/>\n<meta name=\"author\" content=\"Ludovic Evelin\" \/>\n<meta name=\"twitter:card\" content=\"summary_large_image\" \/>\n<meta name=\"twitter:creator\" content=\"@Terres_du_Son\" \/>\n<meta name=\"twitter:site\" content=\"@Terres_du_Son\" \/>\n<meta name=\"twitter:label1\" content=\"\u00c9crit par\" \/>\n\t<meta name=\"twitter:data1\" content=\"Ludovic Evelin\" \/>\n\t<meta name=\"twitter:label2\" content=\"Dur\u00e9e de lecture estim\u00e9e\" \/>\n\t<meta name=\"twitter:data2\" content=\"1 minute\" \/>\n<script type=\"application\/ld+json\" class=\"yoast-schema-graph\">{\"@context\":\"https:\/\/schema.org\",\"@graph\":[{\"@type\":\"Article\",\"@id\":\"https:\/\/www.terresduson.com\/live\/les-stands-sur-leco-village\/#article\",\"isPartOf\":{\"@id\":\"https:\/\/www.terresduson.com\/live\/les-stands-sur-leco-village\/\"},\"author\":{\"name\":\"Ludovic Evelin\",\"@id\":\"https:\/\/www.terresduson.com\/live\/#\/schema\/person\/d3e072cb1a1cc4d7ecf46056412e0e94\"},\"headline\":\"Les stands sur l&rsquo;\u00e9co-village !\",\"datePublished\":\"2025-07-12T11:44:29+00:00\",\"mainEntityOfPage\":{\"@id\":\"https:\/\/www.terresduson.com\/live\/les-stands-sur-leco-village\/\"},\"wordCount\":108,\"publisher\":{\"@id\":\"https:\/\/www.terresduson.com\/live\/#organization\"},\"image\":{\"@id\":\"https:\/\/www.terresduson.com\/live\/les-stands-sur-leco-village\/#primaryimage\"},\"thumbnailUrl\":\"https:\/\/www.terresduson.com\/live\/wp-content\/uploads\/2025\/07\/stand.avif\",\"articleSection\":[\"Cat\",\"Jour\",\"Vendredi\",\"Vid\u00e9o\"],\"inLanguage\":\"fr-FR\"},{\"@type\":\"WebPage\",\"@id\":\"https:\/\/www.terresduson.com\/live\/les-stands-sur-leco-village\/\",\"url\":\"https:\/\/www.terresduson.com\/live\/les-stands-sur-leco-village\/\",\"name\":\"Les stands sur l'\u00e9co-village ! - Gazette live - Festival Terres du son\",\"isPartOf\":{\"@id\":\"https:\/\/www.terresduson.com\/live\/#website\"},\"primaryImageOfPage\":{\"@id\":\"https:\/\/www.terresduson.com\/live\/les-stands-sur-leco-village\/#primaryimage\"},\"image\":{\"@id\":\"https:\/\/www.terresduson.com\/live\/les-stands-sur-leco-village\/#primaryimage\"},\"thumbnailUrl\":\"https:\/\/www.terresduson.com\/live\/wp-content\/uploads\/2025\/07\/stand.avif\",\"datePublished\":\"2025-07-12T11:44:29+00:00\",\"breadcrumb\":{\"@id\":\"https:\/\/www.terresduson.com\/live\/les-stands-sur-leco-village\/#breadcrumb\"},\"inLanguage\":\"fr-FR\",\"potentialAction\":[{\"@type\":\"ReadAction\",\"target\":[\"https:\/\/www.terresduson.com\/live\/les-stands-sur-leco-village\/\"]}]},{\"@type\":\"ImageObject\",\"inLanguage\":\"fr-FR\",\"@id\":\"https:\/\/www.terresduson.com\/live\/les-stands-sur-leco-village\/#primaryimage\",\"url\":\"https:\/\/www.terresduson.com\/live\/wp-content\/uploads\/2025\/07\/stand.avif\",\"contentUrl\":\"https:\/\/www.terresduson.com\/live\/wp-content\/uploads\/2025\/07\/stand.avif\",\"width\":1006,\"height\":951},{\"@type\":\"BreadcrumbList\",\"@id\":\"https:\/\/www.terresduson.com\/live\/les-stands-sur-leco-village\/#breadcrumb\",\"itemListElement\":[{\"@type\":\"ListItem\",\"position\":1,\"name\":\"Accueil\",\"item\":\"https:\/\/www.terresduson.com\/live\/\"},{\"@type\":\"ListItem\",\"position\":2,\"name\":\"Les stands sur l&rsquo;\u00e9co-village !\"}]},{\"@type\":\"WebSite\",\"@id\":\"https:\/\/www.terresduson.com\/live\/#website\",\"url\":\"https:\/\/www.terresduson.com\/live\/\",\"name\":\"Gazette live - Festival Terres du son\",\"description\":\"11, 12, 13 juillet 2025\",\"publisher\":{\"@id\":\"https:\/\/www.terresduson.com\/live\/#organization\"},\"potentialAction\":[{\"@type\":\"SearchAction\",\"target\":{\"@type\":\"EntryPoint\",\"urlTemplate\":\"https:\/\/www.terresduson.com\/live\/?s={search_term_string}\"},\"query-input\":{\"@type\":\"PropertyValueSpecification\",\"valueRequired\":true,\"valueName\":\"search_term_string\"}}],\"inLanguage\":\"fr-FR\"},{\"@type\":\"Organization\",\"@id\":\"https:\/\/www.terresduson.com\/live\/#organization\",\"name\":\"Terres du son\",\"url\":\"https:\/\/www.terresduson.com\/live\/\",\"logo\":{\"@type\":\"ImageObject\",\"inLanguage\":\"fr-FR\",\"@id\":\"https:\/\/www.terresduson.com\/live\/#\/schema\/logo\/image\/\",\"url\":\"https:\/\/www.terresduson.com\/live\/wp-content\/uploads\/2018\/07\/bandeau_tds_live.png\",\"contentUrl\":\"https:\/\/www.terresduson.com\/live\/wp-content\/uploads\/2018\/07\/bandeau_tds_live.png\",\"width\":1024,\"height\":500,\"caption\":\"Terres du son\"},\"image\":{\"@id\":\"https:\/\/www.terresduson.com\/live\/#\/schema\/logo\/image\/\"},\"sameAs\":[\"https:\/\/www.facebook.com\/festivalterresduson\/\",\"https:\/\/x.com\/Terres_du_Son\",\"https:\/\/www.instagram.com\/terresduson\/\",\"https:\/\/www.youtube.com\/channel\/UCugRO-2-oo70oC9mf2iHWMA\"]},{\"@type\":\"Person\",\"@id\":\"https:\/\/www.terresduson.com\/live\/#\/schema\/person\/d3e072cb1a1cc4d7ecf46056412e0e94\",\"name\":\"Ludovic Evelin\",\"image\":{\"@type\":\"ImageObject\",\"inLanguage\":\"fr-FR\",\"@id\":\"https:\/\/www.terresduson.com\/live\/#\/schema\/person\/image\/\",\"url\":\"https:\/\/secure.gravatar.com\/avatar\/84f754c34def02a65d67b21b964ec99e47424cef21eb7a1dc47023fab4424834?s=96&d=mm&r=g\",\"contentUrl\":\"https:\/\/secure.gravatar.com\/avatar\/84f754c34def02a65d67b21b964ec99e47424cef21eb7a1dc47023fab4424834?s=96&d=mm&r=g\",\"caption\":\"Ludovic Evelin\"},\"url\":\"https:\/\/www.terresduson.com\/live\/author\/ludo\/\"}]}<\/script>\n<!-- \/ Yoast SEO plugin. -->","yoast_head_json":{"title":"Les stands sur l'\u00e9co-village ! - Gazette live - Festival Terres du son","robots":{"index":"index","follow":"follow","max-snippet":"max-snippet:-1","max-image-preview":"max-image-preview:large","max-video-preview":"max-video-preview:-1"},"canonical":"https:\/\/www.terresduson.com\/live\/les-stands-sur-leco-village\/","og_locale":"fr_FR","og_type":"article","og_title":"Les stands sur l'\u00e9co-village ! - Gazette live - Festival Terres du son","og_description":"[\ud83c\udf3f \u00c9CO-VILLAGE \u2013 LES ASSOS SONT L\u00c0 !]Conna\u00eetre, comprendre, agir : au c\u0153ur de Terres du Son, l\u2019\u00c9co-Village rassemble chaque ann\u00e9e des dizaines d\u2019associations engag\u00e9es venues partager leurs savoirs, leurs luttes et leurs id\u00e9es \ud83d\udcacClimat, \u00e9galit\u00e9, solidarit\u00e9s, sant\u00e9, droits, biodiversit\u00e9, alternatives concr\u00e8tes\u2026 autant de sujets \u00e0 d\u00e9couvrir dans un esprit de dialogue, de p\u00e9dagogie et [&hellip;]","og_url":"https:\/\/www.terresduson.com\/live\/les-stands-sur-leco-village\/","og_site_name":"Gazette live - Festival Terres du son","article_publisher":"https:\/\/www.facebook.com\/festivalterresduson\/","article_published_time":"2025-07-12T11:44:29+00:00","og_image":[{"width":1024,"height":521,"url":"https:\/\/www.terresduson.com\/live\/wp-content\/uploads\/2019\/07\/fb_tds2019w.jpg","type":"image\/jpeg"}],"author":"Ludovic Evelin","twitter_card":"summary_large_image","twitter_creator":"@Terres_du_Son","twitter_site":"@Terres_du_Son","twitter_misc":{"\u00c9crit par":"Ludovic Evelin","Dur\u00e9e de lecture estim\u00e9e":"1 minute"},"schema":{"@context":"https:\/\/schema.org","@graph":[{"@type":"Article","@id":"https:\/\/www.terresduson.com\/live\/les-stands-sur-leco-village\/#article","isPartOf":{"@id":"https:\/\/www.terresduson.com\/live\/les-stands-sur-leco-village\/"},"author":{"name":"Ludovic Evelin","@id":"https:\/\/www.terresduson.com\/live\/#\/schema\/person\/d3e072cb1a1cc4d7ecf46056412e0e94"},"headline":"Les stands sur l&rsquo;\u00e9co-village !","datePublished":"2025-07-12T11:44:29+00:00","mainEntityOfPage":{"@id":"https:\/\/www.terresduson.com\/live\/les-stands-sur-leco-village\/"},"wordCount":108,"publisher":{"@id":"https:\/\/www.terresduson.com\/live\/#organization"},"image":{"@id":"https:\/\/www.terresduson.com\/live\/les-stands-sur-leco-village\/#primaryimage"},"thumbnailUrl":"https:\/\/www.terresduson.com\/live\/wp-content\/uploads\/2025\/07\/stand.avif","articleSection":["Cat","Jour","Vendredi","Vid\u00e9o"],"inLanguage":"fr-FR"},{"@type":"WebPage","@id":"https:\/\/www.terresduson.com\/live\/les-stands-sur-leco-village\/","url":"https:\/\/www.terresduson.com\/live\/les-stands-sur-leco-village\/","name":"Les stands sur l'\u00e9co-village ! - Gazette live - Festival Terres du son","isPartOf":{"@id":"https:\/\/www.terresduson.com\/live\/#website"},"primaryImageOfPage":{"@id":"https:\/\/www.terresduson.com\/live\/les-stands-sur-leco-village\/#primaryimage"},"image":{"@id":"https:\/\/www.terresduson.com\/live\/les-stands-sur-leco-village\/#primaryimage"},"thumbnailUrl":"https:\/\/www.terresduson.com\/live\/wp-content\/uploads\/2025\/07\/stand.avif","datePublished":"2025-07-12T11:44:29+00:00","breadcrumb":{"@id":"https:\/\/www.terresduson.com\/live\/les-stands-sur-leco-village\/#breadcrumb"},"inLanguage":"fr-FR","potentialAction":[{"@type":"ReadAction","target":["https:\/\/www.terresduson.com\/live\/les-stands-sur-leco-village\/"]}]},{"@type":"ImageObject","inLanguage":"fr-FR","@id":"https:\/\/www.terresduson.com\/live\/les-stands-sur-leco-village\/#primaryimage","url":"https:\/\/www.terresduson.com\/live\/wp-content\/uploads\/2025\/07\/stand.avif","contentUrl":"https:\/\/www.terresduson.com\/live\/wp-content\/uploads\/2025\/07\/stand.avif","width":1006,"height":951},{"@type":"BreadcrumbList","@id":"https:\/\/www.terresduson.com\/live\/les-stands-sur-leco-village\/#breadcrumb","itemListElement":[{"@type":"ListItem","position":1,"name":"Accueil","item":"https:\/\/www.terresduson.com\/live\/"},{"@type":"ListItem","position":2,"name":"Les stands sur l&rsquo;\u00e9co-village !"}]},{"@type":"WebSite","@id":"https:\/\/www.terresduson.com\/live\/#website","url":"https:\/\/www.terresduson.com\/live\/","name":"Gazette live - Festival Terres du son","description":"11, 12, 13 juillet 2025","publisher":{"@id":"https:\/\/www.terresduson.com\/live\/#organization"},"potentialAction":[{"@type":"SearchAction","target":{"@type":"EntryPoint","urlTemplate":"https:\/\/www.terresduson.com\/live\/?s={search_term_string}"},"query-input":{"@type":"PropertyValueSpecification","valueRequired":true,"valueName":"search_term_string"}}],"inLanguage":"fr-FR"},{"@type":"Organization","@id":"https:\/\/www.terresduson.com\/live\/#organization","name":"Terres du son","url":"https:\/\/www.terresduson.com\/live\/","logo":{"@type":"ImageObject","inLanguage":"fr-FR","@id":"https:\/\/www.terresduson.com\/live\/#\/schema\/logo\/image\/","url":"https:\/\/www.terresduson.com\/live\/wp-content\/uploads\/2018\/07\/bandeau_tds_live.png","contentUrl":"https:\/\/www.terresduson.com\/live\/wp-content\/uploads\/2018\/07\/bandeau_tds_live.png","width":1024,"height":500,"caption":"Terres du son"},"image":{"@id":"https:\/\/www.terresduson.com\/live\/#\/schema\/logo\/image\/"},"sameAs":["https:\/\/www.facebook.com\/festivalterresduson\/","https:\/\/x.com\/Terres_du_Son","https:\/\/www.instagram.com\/terresduson\/","https:\/\/www.youtube.com\/channel\/UCugRO-2-oo70oC9mf2iHWMA"]},{"@type":"Person","@id":"https:\/\/www.terresduson.com\/live\/#\/schema\/person\/d3e072cb1a1cc4d7ecf46056412e0e94","name":"Ludovic Evelin","image":{"@type":"ImageObject","inLanguage":"fr-FR","@id":"https:\/\/www.terresduson.com\/live\/#\/schema\/person\/image\/","url":"https:\/\/secure.gravatar.com\/avatar\/84f754c34def02a65d67b21b964ec99e47424cef21eb7a1dc47023fab4424834?s=96&d=mm&r=g","contentUrl":"https:\/\/secure.gravatar.com\/avatar\/84f754c34def02a65d67b21b964ec99e47424cef21eb7a1dc47023fab4424834?s=96&d=mm&r=g","caption":"Ludovic Evelin"},"url":"https:\/\/www.terresduson.com\/live\/author\/ludo\/"}]}},"_links":{"self":[{"href":"https:\/\/www.terresduson.com\/live\/wp-json\/wp\/v2\/posts\/2533","targetHints":{"allow":["GET"]}}],"collection":[{"href":"https:\/\/www.terresduson.com\/live\/wp-json\/wp\/v2\/posts"}],"about":[{"href":"https:\/\/www.terresduson.com\/live\/wp-json\/wp\/v2\/types\/post"}],"author":[{"embeddable":true,"href":"https:\/\/www.terresduson.com\/live\/wp-json\/wp\/v2\/users\/1"}],"replies":[{"embeddable":true,"href":"https:\/\/www.terresduson.com\/live\/wp-json\/wp\/v2\/comments?post=2533"}],"version-history":[{"count":1,"href":"https:\/\/www.terresduson.com\/live\/wp-json\/wp\/v2\/posts\/2533\/revisions"}],"predecessor-version":[{"id":2535,"href":"https:\/\/www.terresduson.com\/live\/wp-json\/wp\/v2\/posts\/2533\/revisions\/2535"}],"wp:featuredmedia":[{"embeddable":true,"href":"https:\/\/www.terresduson.com\/live\/wp-json\/wp\/v2\/media\/2534"}],"wp:attachment":[{"href":"https:\/\/www.terresduson.com\/live\/wp-json\/wp\/v2\/media?parent=2533"}],"wp:term":[{"taxonomy":"category","embeddable":true,"href":"https:\/\/www.terresduson.com\/live\/wp-json\/wp\/v2\/categories?post=2533"},{"taxonomy":"post_tag","embeddable":true,"href":"https:\/\/www.terresduson.com\/live\/wp-json\/wp\/v2\/tags?post=2533"}],"curies":[{"name":"wp","href":"https:\/\/api.w.org\/{rel}","templated":true}]}}