{"id":2519,"date":"2025-07-12T12:37:52","date_gmt":"2025-07-12T10:37:52","guid":{"rendered":"https:\/\/www.terresduson.com\/live\/?p=2519"},"modified":"2025-07-14T12:39:47","modified_gmt":"2025-07-14T10:39:47","slug":"20-ans-de-tds-coup-denvoi","status":"publish","type":"post","link":"https:\/\/www.terresduson.com\/live\/20-ans-de-tds-coup-denvoi\/","title":{"rendered":"20 ans de TDS, coup d&rsquo;envoi !"},"content":{"rendered":"\n<p>Autrice : Aude O | Photographe : Fabien GAROU<\/p>\n\n\n\n<div style=\"height:36px\" aria-hidden=\"true\" class=\"wp-block-spacer\"><\/div>\n\n\n\n<figure class=\"wp-block-image size-large\"><img loading=\"lazy\" decoding=\"async\" width=\"1024\" height=\"673\" src=\"https:\/\/www.terresduson.com\/live\/wp-content\/uploads\/2025\/07\/vendredi-c-parti-1024x673.jpg\" alt=\"Des festivaliers dans les bois, arrivent \u00e0 TDS 2025\" class=\"wp-image-2497\" srcset=\"https:\/\/www.terresduson.com\/live\/wp-content\/uploads\/2025\/07\/vendredi-c-parti-1024x673.jpg 1024w, https:\/\/www.terresduson.com\/live\/wp-content\/uploads\/2025\/07\/vendredi-c-parti-300x197.jpg 300w, https:\/\/www.terresduson.com\/live\/wp-content\/uploads\/2025\/07\/vendredi-c-parti-768x505.jpg 768w, https:\/\/www.terresduson.com\/live\/wp-content\/uploads\/2025\/07\/vendredi-c-parti.avif 1321w\" sizes=\"auto, (max-width: 1024px) 100vw, 1024px\" \/><\/figure>\n\n\n\n<div style=\"height:36px\" aria-hidden=\"true\" class=\"wp-block-spacer\"><\/div>\n\n\n\n<h3 class=\"wp-block-heading\">Le Festival Terres du Son f\u00eate ses 20 ans : coup d\u2019envoi aujourd\u2019hui !<\/h3>\n\n\n\n<p>C\u2019est un rendez-vous incontournable de l\u2019\u00e9t\u00e9 en r\u00e9gion Centre-Val de Loire : le festival Terres du Son (ou encore TDS ou Terre duss) ouvre ses portes aujourd\u2019hui au domaine de Cand\u00e9 \u00e0 Monts pour une \u00e9dition anniversaire qui s\u2019annonce exceptionnelle. Le festival f\u00eate cette ann\u00e9e ses 20 ans, et entend bien marquer le coup avec une programmation \u00e9clectique, festive et engag\u00e9e.<\/p>\n\n\n\n<p>Depuis sa cr\u00e9ation en 2005, Terres du Son a su s\u2019imposer comme un \u00e9v\u00e9nement musical majeur, alliant concerts de haut vol, engagement \u00e9co-responsable et ancrage local. Ce week-end, des milliers de festivaliers sont attendus pour c\u00e9l\u00e9brer deux d\u00e9cennies de musique, de partage et d\u2019initiatives durables.<\/p>\n\n\n\n<div style=\"height:36px\" aria-hidden=\"true\" class=\"wp-block-spacer\"><\/div>\n\n\n\n<div class=\"wp-block-columns is-layout-flex wp-container-core-columns-is-layout-9d6595d7 wp-block-columns-is-layout-flex\">\n<div class=\"wp-block-column is-layout-flow wp-block-column-is-layout-flow\" style=\"flex-basis:66.66%\">\n<h4 class=\"wp-block-heading\"><strong>\ud83c\udfb6 Une programmation au diapason<\/strong><\/h4>\n\n\n\n<p>Pour souffler ses 20 bougies, <a href=\"https:\/\/www.terresduson.com\/\" target=\"_blank\" rel=\"noreferrer noopener\">Terres du Son<\/a> a mis les petits plats dans les grands. Damso, Lamomali, Clara Luciani, Philippe Katerine et bien d\u2019autres viendront faire vibrer les sc\u00e8nes du domaine. Entre t\u00eates d\u2019affiche et d\u00e9couvertes musicales, il y en aura pour tous les go\u00fbts.<\/p>\n\n\n\n<div style=\"height:36px\" aria-hidden=\"true\" class=\"wp-block-spacer\"><\/div>\n\n\n\n<h4 class=\"wp-block-heading\"><strong>\ud83c\udf3f Un festival toujours engag\u00e9<\/strong><\/h4>\n\n\n\n<p>Fid\u00e8le \u00e0 son ADN, Terres du Son continue de mettre en avant les valeurs du d\u00e9veloppement durable avec son \u00c9co-Village en acc\u00e8s libre, ses actions de sensibilisation, sa restauration locale et responsable, et une logistique pens\u00e9e pour limiter l\u2019empreinte environnementale de l\u2019\u00e9v\u00e9nement.<\/p>\n\n\n\n<div style=\"height:36px\" aria-hidden=\"true\" class=\"wp-block-spacer\"><\/div>\n\n\n\n<h4 class=\"wp-block-heading\"><strong>\ud83c\udf82 Une \u00e9dition anniversaire riche en \u00e9motions<\/strong><\/h4>\n\n\n\n<p>Pour c\u00e9l\u00e9brer comme il se doit cet anniversaire, des surprises sont pr\u00e9vues tout au long du week-end : installations artistiques, performances in\u00e9dites et temps forts r\u00e9trospectifs pour revivre les grands moments qui ont marqu\u00e9 les 20 ans du festival.<\/p>\n\n\n\n<div style=\"height:36px\" aria-hidden=\"true\" class=\"wp-block-spacer\"><\/div>\n<\/div>\n\n\n\n<div class=\"wp-block-column is-layout-flow wp-block-column-is-layout-flow\" style=\"flex-basis:33.33%\">\n<figure class=\"wp-block-image size-large\"><img loading=\"lazy\" decoding=\"async\" width=\"678\" height=\"1024\" src=\"https:\/\/www.terresduson.com\/live\/wp-content\/uploads\/2025\/07\/vendredi-c-parti-live-or-678x1024.jpg\" alt=\"Une b\u00e9n\u00e9vole tient dans ses mains le livre d'or des 20 ans de Terres du son\" class=\"wp-image-2498\" srcset=\"https:\/\/www.terresduson.com\/live\/wp-content\/uploads\/2025\/07\/vendredi-c-parti-live-or-678x1024.jpg 678w, https:\/\/www.terresduson.com\/live\/wp-content\/uploads\/2025\/07\/vendredi-c-parti-live-or-199x300.jpg 199w, https:\/\/www.terresduson.com\/live\/wp-content\/uploads\/2025\/07\/vendredi-c-parti-live-or-768x1161.jpg 768w, https:\/\/www.terresduson.com\/live\/wp-content\/uploads\/2025\/07\/vendredi-c-parti-live-or.avif 886w\" sizes=\"auto, (max-width: 678px) 100vw, 678px\" \/><\/figure>\n<\/div>\n<\/div>\n\n\n\n<p class=\"has-large-font-size\">Bon anniversaire Terres du Son et que la f\u00eate commence.&nbsp;<\/p>\n\n\n\n<div style=\"height:36px\" aria-hidden=\"true\" class=\"wp-block-spacer\"><\/div>\n\n\n\n<figure class=\"wp-block-image size-large\"><img loading=\"lazy\" decoding=\"async\" width=\"678\" height=\"1024\" src=\"https:\/\/www.terresduson.com\/live\/wp-content\/uploads\/2025\/07\/vendredi-c-parti-lunettes-678x1024.jpg\" alt=\"Un b\u00e9n\u00e9vole au merch porte des lunettes fantaisistes des 20 ans\" class=\"wp-image-2499\" srcset=\"https:\/\/www.terresduson.com\/live\/wp-content\/uploads\/2025\/07\/vendredi-c-parti-lunettes-678x1024.jpg 678w, https:\/\/www.terresduson.com\/live\/wp-content\/uploads\/2025\/07\/vendredi-c-parti-lunettes-199x300.jpg 199w, https:\/\/www.terresduson.com\/live\/wp-content\/uploads\/2025\/07\/vendredi-c-parti-lunettes-768x1160.jpg 768w, https:\/\/www.terresduson.com\/live\/wp-content\/uploads\/2025\/07\/vendredi-c-parti-lunettes.avif 888w\" sizes=\"auto, (max-width: 678px) 100vw, 678px\" \/><\/figure>\n","protected":false},"excerpt":{"rendered":"<p>Autrice : Aude O | Photographe : Fabien GAROU Le Festival Terres du Son f\u00eate ses 20 ans : coup d\u2019envoi aujourd\u2019hui ! C\u2019est un rendez-vous incontournable de l\u2019\u00e9t\u00e9 en r\u00e9gion Centre-Val de Loire : le festival Terres du Son (ou encore TDS ou Terre duss) ouvre ses portes aujourd\u2019hui au domaine de Cand\u00e9 \u00e0 [&hellip;]<\/p>\n","protected":false},"author":1,"featured_media":2500,"comment_status":"closed","ping_status":"closed","sticky":false,"template":"","format":"standard","meta":{"_acf_changed":false,"footnotes":""},"categories":[13,95,23,89],"tags":[],"class_list":["post-2519","post","type-post","status-publish","format-standard","has-post-thumbnail","hentry","category-articles","category-cat","category-jour","category-vendredi"],"acf":[],"yoast_head":"<!-- This site is optimized with the Yoast SEO plugin v25.5 - https:\/\/yoast.com\/wordpress\/plugins\/seo\/ -->\n<title>20 ans de TDS, coup d&#039;envoi ! - Gazette live - Festival Terres du son<\/title>\n<meta name=\"robots\" content=\"index, follow, max-snippet:-1, max-image-preview:large, max-video-preview:-1\" \/>\n<link rel=\"canonical\" href=\"https:\/\/www.terresduson.com\/live\/20-ans-de-tds-coup-denvoi\/\" \/>\n<meta property=\"og:locale\" content=\"fr_FR\" \/>\n<meta property=\"og:type\" content=\"article\" \/>\n<meta property=\"og:title\" content=\"20 ans de TDS, coup d&#039;envoi ! - Gazette live - Festival Terres du son\" \/>\n<meta property=\"og:description\" content=\"Autrice : Aude O | Photographe : Fabien GAROU Le Festival Terres du Son f\u00eate ses 20 ans : coup d\u2019envoi aujourd\u2019hui ! C\u2019est un rendez-vous incontournable de l\u2019\u00e9t\u00e9 en r\u00e9gion Centre-Val de Loire : le festival Terres du Son (ou encore TDS ou Terre duss) ouvre ses portes aujourd\u2019hui au domaine de Cand\u00e9 \u00e0 [&hellip;]\" \/>\n<meta property=\"og:url\" content=\"https:\/\/www.terresduson.com\/live\/20-ans-de-tds-coup-denvoi\/\" \/>\n<meta property=\"og:site_name\" content=\"Gazette live - Festival Terres du son\" \/>\n<meta property=\"article:publisher\" content=\"https:\/\/www.facebook.com\/festivalterresduson\/\" \/>\n<meta property=\"article:published_time\" content=\"2025-07-12T10:37:52+00:00\" \/>\n<meta property=\"article:modified_time\" content=\"2025-07-14T10:39:47+00:00\" \/>\n<meta property=\"og:image\" content=\"https:\/\/www.terresduson.com\/live\/wp-content\/uploads\/2019\/07\/fb_tds2019w.jpg\" \/>\n\t<meta property=\"og:image:width\" content=\"1024\" \/>\n\t<meta property=\"og:image:height\" content=\"521\" \/>\n\t<meta property=\"og:image:type\" content=\"image\/jpeg\" \/>\n<meta name=\"author\" content=\"Ludovic Evelin\" \/>\n<meta name=\"twitter:card\" content=\"summary_large_image\" \/>\n<meta name=\"twitter:creator\" content=\"@Terres_du_Son\" \/>\n<meta name=\"twitter:site\" content=\"@Terres_du_Son\" \/>\n<meta name=\"twitter:label1\" content=\"\u00c9crit par\" \/>\n\t<meta name=\"twitter:data1\" content=\"Ludovic Evelin\" \/>\n\t<meta name=\"twitter:label2\" content=\"Dur\u00e9e de lecture estim\u00e9e\" \/>\n\t<meta name=\"twitter:data2\" content=\"3 minutes\" \/>\n<script type=\"application\/ld+json\" class=\"yoast-schema-graph\">{\"@context\":\"https:\/\/schema.org\",\"@graph\":[{\"@type\":\"Article\",\"@id\":\"https:\/\/www.terresduson.com\/live\/20-ans-de-tds-coup-denvoi\/#article\",\"isPartOf\":{\"@id\":\"https:\/\/www.terresduson.com\/live\/20-ans-de-tds-coup-denvoi\/\"},\"author\":{\"name\":\"Ludovic Evelin\",\"@id\":\"https:\/\/www.terresduson.com\/live\/#\/schema\/person\/d3e072cb1a1cc4d7ecf46056412e0e94\"},\"headline\":\"20 ans de TDS, coup d&rsquo;envoi !\",\"datePublished\":\"2025-07-12T10:37:52+00:00\",\"dateModified\":\"2025-07-14T10:39:47+00:00\",\"mainEntityOfPage\":{\"@id\":\"https:\/\/www.terresduson.com\/live\/20-ans-de-tds-coup-denvoi\/\"},\"wordCount\":310,\"publisher\":{\"@id\":\"https:\/\/www.terresduson.com\/live\/#organization\"},\"image\":{\"@id\":\"https:\/\/www.terresduson.com\/live\/20-ans-de-tds-coup-denvoi\/#primaryimage\"},\"thumbnailUrl\":\"https:\/\/www.terresduson.com\/live\/wp-content\/uploads\/2025\/07\/vendredi-c-parti-min.avif\",\"articleSection\":[\"Articles\",\"Cat\",\"Jour\",\"Vendredi\"],\"inLanguage\":\"fr-FR\"},{\"@type\":\"WebPage\",\"@id\":\"https:\/\/www.terresduson.com\/live\/20-ans-de-tds-coup-denvoi\/\",\"url\":\"https:\/\/www.terresduson.com\/live\/20-ans-de-tds-coup-denvoi\/\",\"name\":\"20 ans de TDS, coup d'envoi ! - Gazette live - Festival Terres du son\",\"isPartOf\":{\"@id\":\"https:\/\/www.terresduson.com\/live\/#website\"},\"primaryImageOfPage\":{\"@id\":\"https:\/\/www.terresduson.com\/live\/20-ans-de-tds-coup-denvoi\/#primaryimage\"},\"image\":{\"@id\":\"https:\/\/www.terresduson.com\/live\/20-ans-de-tds-coup-denvoi\/#primaryimage\"},\"thumbnailUrl\":\"https:\/\/www.terresduson.com\/live\/wp-content\/uploads\/2025\/07\/vendredi-c-parti-min.avif\",\"datePublished\":\"2025-07-12T10:37:52+00:00\",\"dateModified\":\"2025-07-14T10:39:47+00:00\",\"breadcrumb\":{\"@id\":\"https:\/\/www.terresduson.com\/live\/20-ans-de-tds-coup-denvoi\/#breadcrumb\"},\"inLanguage\":\"fr-FR\",\"potentialAction\":[{\"@type\":\"ReadAction\",\"target\":[\"https:\/\/www.terresduson.com\/live\/20-ans-de-tds-coup-denvoi\/\"]}]},{\"@type\":\"ImageObject\",\"inLanguage\":\"fr-FR\",\"@id\":\"https:\/\/www.terresduson.com\/live\/20-ans-de-tds-coup-denvoi\/#primaryimage\",\"url\":\"https:\/\/www.terresduson.com\/live\/wp-content\/uploads\/2025\/07\/vendredi-c-parti-min.avif\",\"contentUrl\":\"https:\/\/www.terresduson.com\/live\/wp-content\/uploads\/2025\/07\/vendredi-c-parti-min.avif\",\"width\":800,\"height\":526},{\"@type\":\"BreadcrumbList\",\"@id\":\"https:\/\/www.terresduson.com\/live\/20-ans-de-tds-coup-denvoi\/#breadcrumb\",\"itemListElement\":[{\"@type\":\"ListItem\",\"position\":1,\"name\":\"Accueil\",\"item\":\"https:\/\/www.terresduson.com\/live\/\"},{\"@type\":\"ListItem\",\"position\":2,\"name\":\"20 ans de TDS, coup d&rsquo;envoi !\"}]},{\"@type\":\"WebSite\",\"@id\":\"https:\/\/www.terresduson.com\/live\/#website\",\"url\":\"https:\/\/www.terresduson.com\/live\/\",\"name\":\"Gazette live - Festival Terres du son\",\"description\":\"11, 12, 13 juillet 2025\",\"publisher\":{\"@id\":\"https:\/\/www.terresduson.com\/live\/#organization\"},\"potentialAction\":[{\"@type\":\"SearchAction\",\"target\":{\"@type\":\"EntryPoint\",\"urlTemplate\":\"https:\/\/www.terresduson.com\/live\/?s={search_term_string}\"},\"query-input\":{\"@type\":\"PropertyValueSpecification\",\"valueRequired\":true,\"valueName\":\"search_term_string\"}}],\"inLanguage\":\"fr-FR\"},{\"@type\":\"Organization\",\"@id\":\"https:\/\/www.terresduson.com\/live\/#organization\",\"name\":\"Terres du son\",\"url\":\"https:\/\/www.terresduson.com\/live\/\",\"logo\":{\"@type\":\"ImageObject\",\"inLanguage\":\"fr-FR\",\"@id\":\"https:\/\/www.terresduson.com\/live\/#\/schema\/logo\/image\/\",\"url\":\"https:\/\/www.terresduson.com\/live\/wp-content\/uploads\/2018\/07\/bandeau_tds_live.png\",\"contentUrl\":\"https:\/\/www.terresduson.com\/live\/wp-content\/uploads\/2018\/07\/bandeau_tds_live.png\",\"width\":1024,\"height\":500,\"caption\":\"Terres du son\"},\"image\":{\"@id\":\"https:\/\/www.terresduson.com\/live\/#\/schema\/logo\/image\/\"},\"sameAs\":[\"https:\/\/www.facebook.com\/festivalterresduson\/\",\"https:\/\/x.com\/Terres_du_Son\",\"https:\/\/www.instagram.com\/terresduson\/\",\"https:\/\/www.youtube.com\/channel\/UCugRO-2-oo70oC9mf2iHWMA\"]},{\"@type\":\"Person\",\"@id\":\"https:\/\/www.terresduson.com\/live\/#\/schema\/person\/d3e072cb1a1cc4d7ecf46056412e0e94\",\"name\":\"Ludovic Evelin\",\"image\":{\"@type\":\"ImageObject\",\"inLanguage\":\"fr-FR\",\"@id\":\"https:\/\/www.terresduson.com\/live\/#\/schema\/person\/image\/\",\"url\":\"https:\/\/secure.gravatar.com\/avatar\/84f754c34def02a65d67b21b964ec99e47424cef21eb7a1dc47023fab4424834?s=96&d=mm&r=g\",\"contentUrl\":\"https:\/\/secure.gravatar.com\/avatar\/84f754c34def02a65d67b21b964ec99e47424cef21eb7a1dc47023fab4424834?s=96&d=mm&r=g\",\"caption\":\"Ludovic Evelin\"},\"url\":\"https:\/\/www.terresduson.com\/live\/author\/ludo\/\"}]}<\/script>\n<!-- \/ Yoast SEO plugin. -->","yoast_head_json":{"title":"20 ans de TDS, coup d'envoi ! - Gazette live - Festival Terres du son","robots":{"index":"index","follow":"follow","max-snippet":"max-snippet:-1","max-image-preview":"max-image-preview:large","max-video-preview":"max-video-preview:-1"},"canonical":"https:\/\/www.terresduson.com\/live\/20-ans-de-tds-coup-denvoi\/","og_locale":"fr_FR","og_type":"article","og_title":"20 ans de TDS, coup d'envoi ! - Gazette live - Festival Terres du son","og_description":"Autrice : Aude O | Photographe : Fabien GAROU Le Festival Terres du Son f\u00eate ses 20 ans : coup d\u2019envoi aujourd\u2019hui ! C\u2019est un rendez-vous incontournable de l\u2019\u00e9t\u00e9 en r\u00e9gion Centre-Val de Loire : le festival Terres du Son (ou encore TDS ou Terre duss) ouvre ses portes aujourd\u2019hui au domaine de Cand\u00e9 \u00e0 [&hellip;]","og_url":"https:\/\/www.terresduson.com\/live\/20-ans-de-tds-coup-denvoi\/","og_site_name":"Gazette live - Festival Terres du son","article_publisher":"https:\/\/www.facebook.com\/festivalterresduson\/","article_published_time":"2025-07-12T10:37:52+00:00","article_modified_time":"2025-07-14T10:39:47+00:00","og_image":[{"width":1024,"height":521,"url":"https:\/\/www.terresduson.com\/live\/wp-content\/uploads\/2019\/07\/fb_tds2019w.jpg","type":"image\/jpeg"}],"author":"Ludovic Evelin","twitter_card":"summary_large_image","twitter_creator":"@Terres_du_Son","twitter_site":"@Terres_du_Son","twitter_misc":{"\u00c9crit par":"Ludovic Evelin","Dur\u00e9e de lecture estim\u00e9e":"3 minutes"},"schema":{"@context":"https:\/\/schema.org","@graph":[{"@type":"Article","@id":"https:\/\/www.terresduson.com\/live\/20-ans-de-tds-coup-denvoi\/#article","isPartOf":{"@id":"https:\/\/www.terresduson.com\/live\/20-ans-de-tds-coup-denvoi\/"},"author":{"name":"Ludovic Evelin","@id":"https:\/\/www.terresduson.com\/live\/#\/schema\/person\/d3e072cb1a1cc4d7ecf46056412e0e94"},"headline":"20 ans de TDS, coup d&rsquo;envoi !","datePublished":"2025-07-12T10:37:52+00:00","dateModified":"2025-07-14T10:39:47+00:00","mainEntityOfPage":{"@id":"https:\/\/www.terresduson.com\/live\/20-ans-de-tds-coup-denvoi\/"},"wordCount":310,"publisher":{"@id":"https:\/\/www.terresduson.com\/live\/#organization"},"image":{"@id":"https:\/\/www.terresduson.com\/live\/20-ans-de-tds-coup-denvoi\/#primaryimage"},"thumbnailUrl":"https:\/\/www.terresduson.com\/live\/wp-content\/uploads\/2025\/07\/vendredi-c-parti-min.avif","articleSection":["Articles","Cat","Jour","Vendredi"],"inLanguage":"fr-FR"},{"@type":"WebPage","@id":"https:\/\/www.terresduson.com\/live\/20-ans-de-tds-coup-denvoi\/","url":"https:\/\/www.terresduson.com\/live\/20-ans-de-tds-coup-denvoi\/","name":"20 ans de TDS, coup d'envoi ! - Gazette live - Festival Terres du son","isPartOf":{"@id":"https:\/\/www.terresduson.com\/live\/#website"},"primaryImageOfPage":{"@id":"https:\/\/www.terresduson.com\/live\/20-ans-de-tds-coup-denvoi\/#primaryimage"},"image":{"@id":"https:\/\/www.terresduson.com\/live\/20-ans-de-tds-coup-denvoi\/#primaryimage"},"thumbnailUrl":"https:\/\/www.terresduson.com\/live\/wp-content\/uploads\/2025\/07\/vendredi-c-parti-min.avif","datePublished":"2025-07-12T10:37:52+00:00","dateModified":"2025-07-14T10:39:47+00:00","breadcrumb":{"@id":"https:\/\/www.terresduson.com\/live\/20-ans-de-tds-coup-denvoi\/#breadcrumb"},"inLanguage":"fr-FR","potentialAction":[{"@type":"ReadAction","target":["https:\/\/www.terresduson.com\/live\/20-ans-de-tds-coup-denvoi\/"]}]},{"@type":"ImageObject","inLanguage":"fr-FR","@id":"https:\/\/www.terresduson.com\/live\/20-ans-de-tds-coup-denvoi\/#primaryimage","url":"https:\/\/www.terresduson.com\/live\/wp-content\/uploads\/2025\/07\/vendredi-c-parti-min.avif","contentUrl":"https:\/\/www.terresduson.com\/live\/wp-content\/uploads\/2025\/07\/vendredi-c-parti-min.avif","width":800,"height":526},{"@type":"BreadcrumbList","@id":"https:\/\/www.terresduson.com\/live\/20-ans-de-tds-coup-denvoi\/#breadcrumb","itemListElement":[{"@type":"ListItem","position":1,"name":"Accueil","item":"https:\/\/www.terresduson.com\/live\/"},{"@type":"ListItem","position":2,"name":"20 ans de TDS, coup d&rsquo;envoi !"}]},{"@type":"WebSite","@id":"https:\/\/www.terresduson.com\/live\/#website","url":"https:\/\/www.terresduson.com\/live\/","name":"Gazette live - Festival Terres du son","description":"11, 12, 13 juillet 2025","publisher":{"@id":"https:\/\/www.terresduson.com\/live\/#organization"},"potentialAction":[{"@type":"SearchAction","target":{"@type":"EntryPoint","urlTemplate":"https:\/\/www.terresduson.com\/live\/?s={search_term_string}"},"query-input":{"@type":"PropertyValueSpecification","valueRequired":true,"valueName":"search_term_string"}}],"inLanguage":"fr-FR"},{"@type":"Organization","@id":"https:\/\/www.terresduson.com\/live\/#organization","name":"Terres du son","url":"https:\/\/www.terresduson.com\/live\/","logo":{"@type":"ImageObject","inLanguage":"fr-FR","@id":"https:\/\/www.terresduson.com\/live\/#\/schema\/logo\/image\/","url":"https:\/\/www.terresduson.com\/live\/wp-content\/uploads\/2018\/07\/bandeau_tds_live.png","contentUrl":"https:\/\/www.terresduson.com\/live\/wp-content\/uploads\/2018\/07\/bandeau_tds_live.png","width":1024,"height":500,"caption":"Terres du son"},"image":{"@id":"https:\/\/www.terresduson.com\/live\/#\/schema\/logo\/image\/"},"sameAs":["https:\/\/www.facebook.com\/festivalterresduson\/","https:\/\/x.com\/Terres_du_Son","https:\/\/www.instagram.com\/terresduson\/","https:\/\/www.youtube.com\/channel\/UCugRO-2-oo70oC9mf2iHWMA"]},{"@type":"Person","@id":"https:\/\/www.terresduson.com\/live\/#\/schema\/person\/d3e072cb1a1cc4d7ecf46056412e0e94","name":"Ludovic Evelin","image":{"@type":"ImageObject","inLanguage":"fr-FR","@id":"https:\/\/www.terresduson.com\/live\/#\/schema\/person\/image\/","url":"https:\/\/secure.gravatar.com\/avatar\/84f754c34def02a65d67b21b964ec99e47424cef21eb7a1dc47023fab4424834?s=96&d=mm&r=g","contentUrl":"https:\/\/secure.gravatar.com\/avatar\/84f754c34def02a65d67b21b964ec99e47424cef21eb7a1dc47023fab4424834?s=96&d=mm&r=g","caption":"Ludovic Evelin"},"url":"https:\/\/www.terresduson.com\/live\/author\/ludo\/"}]}},"_links":{"self":[{"href":"https:\/\/www.terresduson.com\/live\/wp-json\/wp\/v2\/posts\/2519","targetHints":{"allow":["GET"]}}],"collection":[{"href":"https:\/\/www.terresduson.com\/live\/wp-json\/wp\/v2\/posts"}],"about":[{"href":"https:\/\/www.terresduson.com\/live\/wp-json\/wp\/v2\/types\/post"}],"author":[{"embeddable":true,"href":"https:\/\/www.terresduson.com\/live\/wp-json\/wp\/v2\/users\/1"}],"replies":[{"embeddable":true,"href":"https:\/\/www.terresduson.com\/live\/wp-json\/wp\/v2\/comments?post=2519"}],"version-history":[{"count":2,"href":"https:\/\/www.terresduson.com\/live\/wp-json\/wp\/v2\/posts\/2519\/revisions"}],"predecessor-version":[{"id":2686,"href":"https:\/\/www.terresduson.com\/live\/wp-json\/wp\/v2\/posts\/2519\/revisions\/2686"}],"wp:featuredmedia":[{"embeddable":true,"href":"https:\/\/www.terresduson.com\/live\/wp-json\/wp\/v2\/media\/2500"}],"wp:attachment":[{"href":"https:\/\/www.terresduson.com\/live\/wp-json\/wp\/v2\/media?parent=2519"}],"wp:term":[{"taxonomy":"category","embeddable":true,"href":"https:\/\/www.terresduson.com\/live\/wp-json\/wp\/v2\/categories?post=2519"},{"taxonomy":"post_tag","embeddable":true,"href":"https:\/\/www.terresduson.com\/live\/wp-json\/wp\/v2\/tags?post=2519"}],"curies":[{"name":"wp","href":"https:\/\/api.w.org\/{rel}","templated":true}]}}